{"id":7629,"date":"2023-11-22T10:56:20","date_gmt":"2023-11-22T10:56:20","guid":{"rendered":"https:\/\/dailyai.com\/?p=7629"},"modified":"2023-11-22T21:31:48","modified_gmt":"2023-11-22T21:31:48","slug":"-22","status":"publish","type":"post","link":"https:\/\/dailyai.com\/nb\/2023\/11\/-22\/","title":{"rendered":"OpenAI inng\u00e5r en \"prinsippavtale\" om at Sam Altman skal komme tilbake som administrerende direkt\u00f8r"},"content":{"rendered":"<p><b>I det som kanskje er den siste vrien i OpenAI-dramaet, skal Sam Altman gjeninnsettes som selskapets administrerende direkt\u00f8r.<\/b><\/p>\n<p><span style=\"font-weight: 400;\">Dramaet endte med at styret kunngjorde at Altman ble avsatt, med henvisning til manglende \u00e5penhet i kommunikasjonen hans. <\/span><\/p>\n<p><span style=\"font-weight: 400;\">Dette f\u00f8rte til en dramatisk uke, der Altman og medgrunnlegger Greg Brockman <a href=\"https:\/\/dailyai.com\/nb\/2023\/11\/over-500-openai-employees-threaten-the-board-with-their-resignation\/\">planlegger \u00e5 bli ansatt i Microsoft<\/a>, flertallet av OpenAI-ansatte signerte et brev der de sa at de ville slutte hvis ikke styret trakk seg, og det ble snakket om at Altman og Brockman skulle etablere et nytt selskap.\u00a0<\/span><\/p>\n<p><span style=\"font-weight: 400;\">OpenAI har bekreftet en \"prinsippavtale\" om \u00e5 danne et <a href=\"https:\/\/dailyai.com\/nb\/2023\/11\/investor-pressure-within-openai-might-trigger-a-dramatic-u-turn\/\">nytt styre best\u00e5ende av<\/a> Bret Taylor (tidligere co-CEO i Salesforce), Larry Summers (tidligere r\u00e5dgiver i Det hvite hus og rektor ved Harvard University) og Adam D'Angelo (CEO i Quora).<\/span><\/p>\n<p><span style=\"font-weight: 400;\">Det nye styret erstatter det forrige, som besto av Tasha McCauley, Ilya Sutskever og Helen Toner.<\/span><\/p>\n<p><span style=\"font-weight: 400;\">Til tross for at det ikke ble oppgitt noen spesifikk grunn til at Altman ble avskjediget, presiserte Brad Lightcap, OpenAIs COO, i et notat at avskjedigelsen ikke hadde noe \u00e5 gj\u00f8re med \u00f8konomiske, forretningsmessige, sikkerhetsmessige eller personvernmessige forhold.<\/span><\/p>\n<blockquote class=\"twitter-tweet\">\n<p dir=\"ltr\" lang=\"en\">OpenAI er ingenting uten sine medarbeidere <a href=\"https:\/\/t.co\/XYKLQ61e6l\">https:\/\/t.co\/XYKLQ61e6l<\/a><\/p>\n<p>- OpenAI (@OpenAI) <a href=\"https:\/\/twitter.com\/OpenAI\/status\/1727236805182026159?ref_src=twsrc%5Etfw\">22. november 2023<\/a><\/p><\/blockquote>\n<p><script async src=\"https:\/\/platform.twitter.com\/widgets.js\" charset=\"utf-8\"><\/script><\/p>\n<p><span style=\"font-weight: 400;\">Den <\/span><a href=\"https:\/\/www.nytimes.com\/international\/\"><span style=\"font-weight: 400;\">New York Times<\/span><\/a><span style=\"font-weight: 400;\"> rapporterte om p\u00e5g\u00e5ende uenigheter i styret om tempoet i AI-utviklingen og sikkerheten, der Altman tok til orde for rask fremgang. Dette er f\u00f8rst og fremst spekulasjoner.\u00a0<\/span><\/p>\n<p><span style=\"font-weight: 400;\">I en uttalelse uttrykte Altman sitt engasjement for OpenAI og partnerskapet med Microsoft, og han ser frem til \u00e5 gjenoppta sin rolle. Microsofts administrerende direkt\u00f8r Satya Nadella \u00f8nsket endringene i OpenAIs styre velkommen, noe han mente var et positivt skritt i retning av effektiv styring.<\/span><\/p>\n<blockquote class=\"twitter-tweet\">\n<p dir=\"ltr\" lang=\"en\">jeg elsker openai, og alt jeg har gjort de siste dagene har v\u00e6rt for \u00e5 holde dette teamet og dets misjon sammen. da jeg bestemte meg for \u00e5 bli med i msft p\u00e5 s\u00f8ndag kveld, var det klart at det var den beste veien for meg og teamet. med det nye styret og med satyas st\u00f8tte, er jeg...<\/p>\n<p>- Sam Altman (@sama) <a href=\"https:\/\/twitter.com\/sama\/status\/1727207458324848883?ref_src=twsrc%5Etfw\">22. november 2023<\/a><\/p><\/blockquote>\n<p><script async src=\"https:\/\/platform.twitter.com\/widgets.js\" charset=\"utf-8\"><\/script><\/p>\n<p><span style=\"font-weight: 400;\">Tiltaket har blitt godt mottatt i OpenAI, og ledere som Mira Murati og Greg Brockman har uttrykt sin st\u00f8tte.<\/span><\/p>\n<p><span style=\"font-weight: 400;\"> Det gjenst\u00e5r imidlertid sp\u00f8rsm\u00e5l om selskapets styringsstruktur, og hva ville ha skjedd dersom selskapet allerede hadde hatt tilsyn med AGI og situasjonen hadde kommet ytterligere ut av kontroll?\u00a0<\/span><\/p>\n<p><span style=\"font-weight: 400;\">Dette markerer et viktig \u00f8yeblikk i teknologihistorien og belyser kompleksiteten i styring og ledelse i den raskt voksende AI-bransjen.<\/span><\/p>\n<p><span style=\"font-weight: 400;\"> Det kommer garantert til \u00e5 bli debattert i flere m\u00e5neder fremover.\u00a0<\/span><\/p>","protected":false},"excerpt":{"rendered":"<p>I det som kanskje er den siste vrien p\u00e5 OpenAI-dramaet, er Sam Altman satt inn igjen som selskapets administrerende direkt\u00f8r. Dramaet raknet da styret kunngjorde at Altman ble fjernet, med henvisning til manglende \u00e5penhet i kommunikasjonen hans. Dette f\u00f8rte til en dramatisk uke, der Altman og medgrunnlegger Greg Brockman planla \u00e5 g\u00e5 til Microsoft, flertallet av OpenAIs ansatte skrev under p\u00e5 et brev der de sa at de ville slutte hvis ikke styret trakk seg, og det ble snakket om at Altman og Brockman skulle etablere et nytt selskap.  OpenAI har bekreftet en \"prinsippavtale\" om \u00e5 danne et nytt styre best\u00e5ende av Bret Taylor (tidligere co-CEO i Salesforce), Larry<\/p>","protected":false},"author":2,"featured_media":861,"comment_status":"closed","ping_status":"open","sticky":false,"template":"","format":"standard","meta":{"footnotes":""},"categories":[84],"tags":[93,136],"class_list":["post-7629","post","type-post","status-publish","format-standard","has-post-thumbnail","hentry","category-industry","tag-openai","tag-sam-altman"],"yoast_head":"<!-- This site is optimized with the Yoast SEO plugin v27.4 - https:\/\/yoast.com\/product\/yoast-seo-wordpress\/ -->\n<title>OpenAI form an &#039;agreement in principle&#039; for Sam Altman to return as CEO | DailyAI<\/title>\n<meta name=\"description\" content=\"In what is maybe the final twist to the OpenAI drama, Sam Altman is set to be reinstated as the company&#039;s CEO.\" \/>\n<meta name=\"robots\" content=\"index, follow, max-snippet:-1, max-image-preview:large, max-video-preview:-1\" \/>\n<link rel=\"canonical\" href=\"https:\/\/dailyai.com\/nb\/2023\/11\/-22\/\" \/>\n<meta property=\"og:locale\" content=\"nb_NO\" \/>\n<meta property=\"og:type\" content=\"article\" \/>\n<meta property=\"og:title\" content=\"OpenAI form an &#039;agreement in principle&#039; for Sam Altman to return as CEO | DailyAI\" \/>\n<meta property=\"og:description\" content=\"In what is maybe the final twist to the OpenAI drama, Sam Altman is set to be reinstated as the company&#039;s CEO.\" \/>\n<meta property=\"og:url\" content=\"https:\/\/dailyai.com\/nb\/2023\/11\/-22\/\" \/>\n<meta property=\"og:site_name\" content=\"DailyAI\" \/>\n<meta property=\"article:published_time\" content=\"2023-11-22T10:56:20+00:00\" \/>\n<meta property=\"article:modified_time\" content=\"2023-11-22T21:31:48+00:00\" \/>\n<meta property=\"og:image\" content=\"https:\/\/dailyai.com\/wp-content\/uploads\/2023\/05\/shutterstock_2247291331-e1684936073125.jpg\" \/>\n\t<meta property=\"og:image:width\" content=\"600\" \/>\n\t<meta property=\"og:image:height\" content=\"389\" \/>\n\t<meta property=\"og:image:type\" content=\"image\/jpeg\" \/>\n<meta name=\"author\" content=\"Sam Jeans\" \/>\n<meta name=\"twitter:card\" content=\"summary_large_image\" \/>\n<meta name=\"twitter:creator\" content=\"@DailyAIOfficial\" \/>\n<meta name=\"twitter:site\" content=\"@DailyAIOfficial\" \/>\n<meta name=\"twitter:label1\" content=\"Skrevet av\" \/>\n\t<meta name=\"twitter:data1\" content=\"Sam Jeans\" \/>\n\t<meta name=\"twitter:label2\" content=\"Ansl. lesetid\" \/>\n\t<meta name=\"twitter:data2\" content=\"2 minutter\" \/>\n<script type=\"application\/ld+json\" class=\"yoast-schema-graph\">{\"@context\":\"https:\\\/\\\/schema.org\",\"@graph\":[{\"@type\":\"NewsArticle\",\"@id\":\"https:\\\/\\\/dailyai.com\\\/2023\\\/11\\\/openai-come-to-an-agreement-in-principle-for-sam-altman-to-return-as-ceo\\\/#article\",\"isPartOf\":{\"@id\":\"https:\\\/\\\/dailyai.com\\\/2023\\\/11\\\/openai-come-to-an-agreement-in-principle-for-sam-altman-to-return-as-ceo\\\/\"},\"author\":{\"name\":\"Sam Jeans\",\"@id\":\"https:\\\/\\\/dailyai.com\\\/#\\\/schema\\\/person\\\/711e81f945549438e8bbc579efdeb3c9\"},\"headline\":\"OpenAI form an &#8216;agreement in principle&#8217; for Sam Altman to return as CEO\",\"datePublished\":\"2023-11-22T10:56:20+00:00\",\"dateModified\":\"2023-11-22T21:31:48+00:00\",\"mainEntityOfPage\":{\"@id\":\"https:\\\/\\\/dailyai.com\\\/2023\\\/11\\\/openai-come-to-an-agreement-in-principle-for-sam-altman-to-return-as-ceo\\\/\"},\"wordCount\":409,\"publisher\":{\"@id\":\"https:\\\/\\\/dailyai.com\\\/#organization\"},\"image\":{\"@id\":\"https:\\\/\\\/dailyai.com\\\/2023\\\/11\\\/openai-come-to-an-agreement-in-principle-for-sam-altman-to-return-as-ceo\\\/#primaryimage\"},\"thumbnailUrl\":\"https:\\\/\\\/dailyai.com\\\/wp-content\\\/uploads\\\/2023\\\/05\\\/shutterstock_2247291331-e1684936073125.jpg\",\"keywords\":[\"OpenAI\",\"Sam Altman\"],\"articleSection\":[\"Industry\"],\"inLanguage\":\"nb-NO\"},{\"@type\":\"WebPage\",\"@id\":\"https:\\\/\\\/dailyai.com\\\/2023\\\/11\\\/openai-come-to-an-agreement-in-principle-for-sam-altman-to-return-as-ceo\\\/\",\"url\":\"https:\\\/\\\/dailyai.com\\\/2023\\\/11\\\/openai-come-to-an-agreement-in-principle-for-sam-altman-to-return-as-ceo\\\/\",\"name\":\"OpenAI form an 'agreement in principle' for Sam Altman to return as CEO | DailyAI\",\"isPartOf\":{\"@id\":\"https:\\\/\\\/dailyai.com\\\/#website\"},\"primaryImageOfPage\":{\"@id\":\"https:\\\/\\\/dailyai.com\\\/2023\\\/11\\\/openai-come-to-an-agreement-in-principle-for-sam-altman-to-return-as-ceo\\\/#primaryimage\"},\"image\":{\"@id\":\"https:\\\/\\\/dailyai.com\\\/2023\\\/11\\\/openai-come-to-an-agreement-in-principle-for-sam-altman-to-return-as-ceo\\\/#primaryimage\"},\"thumbnailUrl\":\"https:\\\/\\\/dailyai.com\\\/wp-content\\\/uploads\\\/2023\\\/05\\\/shutterstock_2247291331-e1684936073125.jpg\",\"datePublished\":\"2023-11-22T10:56:20+00:00\",\"dateModified\":\"2023-11-22T21:31:48+00:00\",\"description\":\"In what is maybe the final twist to the OpenAI drama, Sam Altman is set to be reinstated as the company's CEO.\",\"breadcrumb\":{\"@id\":\"https:\\\/\\\/dailyai.com\\\/2023\\\/11\\\/openai-come-to-an-agreement-in-principle-for-sam-altman-to-return-as-ceo\\\/#breadcrumb\"},\"inLanguage\":\"nb-NO\",\"potentialAction\":[{\"@type\":\"ReadAction\",\"target\":[\"https:\\\/\\\/dailyai.com\\\/2023\\\/11\\\/openai-come-to-an-agreement-in-principle-for-sam-altman-to-return-as-ceo\\\/\"]}]},{\"@type\":\"ImageObject\",\"inLanguage\":\"nb-NO\",\"@id\":\"https:\\\/\\\/dailyai.com\\\/2023\\\/11\\\/openai-come-to-an-agreement-in-principle-for-sam-altman-to-return-as-ceo\\\/#primaryimage\",\"url\":\"https:\\\/\\\/dailyai.com\\\/wp-content\\\/uploads\\\/2023\\\/05\\\/shutterstock_2247291331-e1684936073125.jpg\",\"contentUrl\":\"https:\\\/\\\/dailyai.com\\\/wp-content\\\/uploads\\\/2023\\\/05\\\/shutterstock_2247291331-e1684936073125.jpg\",\"width\":600,\"height\":389,\"caption\":\"AI superintelligence\"},{\"@type\":\"BreadcrumbList\",\"@id\":\"https:\\\/\\\/dailyai.com\\\/2023\\\/11\\\/openai-come-to-an-agreement-in-principle-for-sam-altman-to-return-as-ceo\\\/#breadcrumb\",\"itemListElement\":[{\"@type\":\"ListItem\",\"position\":1,\"name\":\"Home\",\"item\":\"https:\\\/\\\/dailyai.com\\\/\"},{\"@type\":\"ListItem\",\"position\":2,\"name\":\"OpenAI form an &#8216;agreement in principle&#8217; for Sam Altman to return as CEO\"}]},{\"@type\":\"WebSite\",\"@id\":\"https:\\\/\\\/dailyai.com\\\/#website\",\"url\":\"https:\\\/\\\/dailyai.com\\\/\",\"name\":\"DailyAI\",\"description\":\"Your Daily Dose of AI News\",\"publisher\":{\"@id\":\"https:\\\/\\\/dailyai.com\\\/#organization\"},\"potentialAction\":[{\"@type\":\"SearchAction\",\"target\":{\"@type\":\"EntryPoint\",\"urlTemplate\":\"https:\\\/\\\/dailyai.com\\\/?s={search_term_string}\"},\"query-input\":{\"@type\":\"PropertyValueSpecification\",\"valueRequired\":true,\"valueName\":\"search_term_string\"}}],\"inLanguage\":\"nb-NO\"},{\"@type\":\"Organization\",\"@id\":\"https:\\\/\\\/dailyai.com\\\/#organization\",\"name\":\"DailyAI\",\"url\":\"https:\\\/\\\/dailyai.com\\\/\",\"logo\":{\"@type\":\"ImageObject\",\"inLanguage\":\"nb-NO\",\"@id\":\"https:\\\/\\\/dailyai.com\\\/#\\\/schema\\\/logo\\\/image\\\/\",\"url\":\"https:\\\/\\\/dailyai.com\\\/wp-content\\\/uploads\\\/2023\\\/06\\\/Daily-Ai_TL_colour.png\",\"contentUrl\":\"https:\\\/\\\/dailyai.com\\\/wp-content\\\/uploads\\\/2023\\\/06\\\/Daily-Ai_TL_colour.png\",\"width\":4501,\"height\":934,\"caption\":\"DailyAI\"},\"image\":{\"@id\":\"https:\\\/\\\/dailyai.com\\\/#\\\/schema\\\/logo\\\/image\\\/\"},\"sameAs\":[\"https:\\\/\\\/x.com\\\/DailyAIOfficial\",\"https:\\\/\\\/www.linkedin.com\\\/company\\\/dailyaiofficial\\\/\",\"https:\\\/\\\/www.youtube.com\\\/@DailyAIOfficial\"]},{\"@type\":\"Person\",\"@id\":\"https:\\\/\\\/dailyai.com\\\/#\\\/schema\\\/person\\\/711e81f945549438e8bbc579efdeb3c9\",\"name\":\"Sam Jeans\",\"image\":{\"@type\":\"ImageObject\",\"inLanguage\":\"nb-NO\",\"@id\":\"https:\\\/\\\/secure.gravatar.com\\\/avatar\\\/a24a4a8f8e2a1a275b7491dc9c9f032c401eabf23c3206da4628dc84b6dac5c8?s=96&d=robohash&r=g\",\"url\":\"https:\\\/\\\/secure.gravatar.com\\\/avatar\\\/a24a4a8f8e2a1a275b7491dc9c9f032c401eabf23c3206da4628dc84b6dac5c8?s=96&d=robohash&r=g\",\"contentUrl\":\"https:\\\/\\\/secure.gravatar.com\\\/avatar\\\/a24a4a8f8e2a1a275b7491dc9c9f032c401eabf23c3206da4628dc84b6dac5c8?s=96&d=robohash&r=g\",\"caption\":\"Sam Jeans\"},\"description\":\"Sam is a science and technology writer who has worked in various AI startups. When he\u2019s not writing, he can be found reading medical journals or digging through boxes of vinyl records.\",\"sameAs\":[\"https:\\\/\\\/www.linkedin.com\\\/in\\\/sam-jeans-6746b9142\\\/\"],\"url\":\"https:\\\/\\\/dailyai.com\\\/nb\\\/author\\\/samjeans\\\/\"}]}<\/script>\n<!-- \/ Yoast SEO plugin. -->","yoast_head_json":{"title":"OpenAI inng\u00e5r en \"prinsippavtale\" om at Sam Altman skal komme tilbake som administrerende direkt\u00f8r | DailyAI","description":"I det som kanskje er den siste vrien i OpenAI-dramaet, skal Sam Altman gjeninnsettes som selskapets administrerende direkt\u00f8r.","robots":{"index":"index","follow":"follow","max-snippet":"max-snippet:-1","max-image-preview":"max-image-preview:large","max-video-preview":"max-video-preview:-1"},"canonical":"https:\/\/dailyai.com\/nb\/2023\/11\/-22\/","og_locale":"nb_NO","og_type":"article","og_title":"OpenAI form an 'agreement in principle' for Sam Altman to return as CEO | DailyAI","og_description":"In what is maybe the final twist to the OpenAI drama, Sam Altman is set to be reinstated as the company's CEO.","og_url":"https:\/\/dailyai.com\/nb\/2023\/11\/-22\/","og_site_name":"DailyAI","article_published_time":"2023-11-22T10:56:20+00:00","article_modified_time":"2023-11-22T21:31:48+00:00","og_image":[{"width":600,"height":389,"url":"https:\/\/dailyai.com\/wp-content\/uploads\/2023\/05\/shutterstock_2247291331-e1684936073125.jpg","type":"image\/jpeg"}],"author":"Sam Jeans","twitter_card":"summary_large_image","twitter_creator":"@DailyAIOfficial","twitter_site":"@DailyAIOfficial","twitter_misc":{"Skrevet av":"Sam Jeans","Ansl. lesetid":"2 minutter"},"schema":{"@context":"https:\/\/schema.org","@graph":[{"@type":"NewsArticle","@id":"https:\/\/dailyai.com\/2023\/11\/openai-come-to-an-agreement-in-principle-for-sam-altman-to-return-as-ceo\/#article","isPartOf":{"@id":"https:\/\/dailyai.com\/2023\/11\/openai-come-to-an-agreement-in-principle-for-sam-altman-to-return-as-ceo\/"},"author":{"name":"Sam Jeans","@id":"https:\/\/dailyai.com\/#\/schema\/person\/711e81f945549438e8bbc579efdeb3c9"},"headline":"OpenAI form an &#8216;agreement in principle&#8217; for Sam Altman to return as CEO","datePublished":"2023-11-22T10:56:20+00:00","dateModified":"2023-11-22T21:31:48+00:00","mainEntityOfPage":{"@id":"https:\/\/dailyai.com\/2023\/11\/openai-come-to-an-agreement-in-principle-for-sam-altman-to-return-as-ceo\/"},"wordCount":409,"publisher":{"@id":"https:\/\/dailyai.com\/#organization"},"image":{"@id":"https:\/\/dailyai.com\/2023\/11\/openai-come-to-an-agreement-in-principle-for-sam-altman-to-return-as-ceo\/#primaryimage"},"thumbnailUrl":"https:\/\/dailyai.com\/wp-content\/uploads\/2023\/05\/shutterstock_2247291331-e1684936073125.jpg","keywords":["OpenAI","Sam Altman"],"articleSection":["Industry"],"inLanguage":"nb-NO"},{"@type":"WebPage","@id":"https:\/\/dailyai.com\/2023\/11\/openai-come-to-an-agreement-in-principle-for-sam-altman-to-return-as-ceo\/","url":"https:\/\/dailyai.com\/2023\/11\/openai-come-to-an-agreement-in-principle-for-sam-altman-to-return-as-ceo\/","name":"OpenAI inng\u00e5r en \"prinsippavtale\" om at Sam Altman skal komme tilbake som administrerende direkt\u00f8r | DailyAI","isPartOf":{"@id":"https:\/\/dailyai.com\/#website"},"primaryImageOfPage":{"@id":"https:\/\/dailyai.com\/2023\/11\/openai-come-to-an-agreement-in-principle-for-sam-altman-to-return-as-ceo\/#primaryimage"},"image":{"@id":"https:\/\/dailyai.com\/2023\/11\/openai-come-to-an-agreement-in-principle-for-sam-altman-to-return-as-ceo\/#primaryimage"},"thumbnailUrl":"https:\/\/dailyai.com\/wp-content\/uploads\/2023\/05\/shutterstock_2247291331-e1684936073125.jpg","datePublished":"2023-11-22T10:56:20+00:00","dateModified":"2023-11-22T21:31:48+00:00","description":"I det som kanskje er den siste vrien i OpenAI-dramaet, skal Sam Altman gjeninnsettes som selskapets administrerende direkt\u00f8r.","breadcrumb":{"@id":"https:\/\/dailyai.com\/2023\/11\/openai-come-to-an-agreement-in-principle-for-sam-altman-to-return-as-ceo\/#breadcrumb"},"inLanguage":"nb-NO","potentialAction":[{"@type":"ReadAction","target":["https:\/\/dailyai.com\/2023\/11\/openai-come-to-an-agreement-in-principle-for-sam-altman-to-return-as-ceo\/"]}]},{"@type":"ImageObject","inLanguage":"nb-NO","@id":"https:\/\/dailyai.com\/2023\/11\/openai-come-to-an-agreement-in-principle-for-sam-altman-to-return-as-ceo\/#primaryimage","url":"https:\/\/dailyai.com\/wp-content\/uploads\/2023\/05\/shutterstock_2247291331-e1684936073125.jpg","contentUrl":"https:\/\/dailyai.com\/wp-content\/uploads\/2023\/05\/shutterstock_2247291331-e1684936073125.jpg","width":600,"height":389,"caption":"AI superintelligence"},{"@type":"BreadcrumbList","@id":"https:\/\/dailyai.com\/2023\/11\/openai-come-to-an-agreement-in-principle-for-sam-altman-to-return-as-ceo\/#breadcrumb","itemListElement":[{"@type":"ListItem","position":1,"name":"Home","item":"https:\/\/dailyai.com\/"},{"@type":"ListItem","position":2,"name":"OpenAI form an &#8216;agreement in principle&#8217; for Sam Altman to return as CEO"}]},{"@type":"WebSite","@id":"https:\/\/dailyai.com\/#website","url":"https:\/\/dailyai.com\/","name":"DagligAI","description":"Din daglige dose med AI-nyheter","publisher":{"@id":"https:\/\/dailyai.com\/#organization"},"potentialAction":[{"@type":"SearchAction","target":{"@type":"EntryPoint","urlTemplate":"https:\/\/dailyai.com\/?s={search_term_string}"},"query-input":{"@type":"PropertyValueSpecification","valueRequired":true,"valueName":"search_term_string"}}],"inLanguage":"nb-NO"},{"@type":"Organization","@id":"https:\/\/dailyai.com\/#organization","name":"DagligAI","url":"https:\/\/dailyai.com\/","logo":{"@type":"ImageObject","inLanguage":"nb-NO","@id":"https:\/\/dailyai.com\/#\/schema\/logo\/image\/","url":"https:\/\/dailyai.com\/wp-content\/uploads\/2023\/06\/Daily-Ai_TL_colour.png","contentUrl":"https:\/\/dailyai.com\/wp-content\/uploads\/2023\/06\/Daily-Ai_TL_colour.png","width":4501,"height":934,"caption":"DailyAI"},"image":{"@id":"https:\/\/dailyai.com\/#\/schema\/logo\/image\/"},"sameAs":["https:\/\/x.com\/DailyAIOfficial","https:\/\/www.linkedin.com\/company\/dailyaiofficial\/","https:\/\/www.youtube.com\/@DailyAIOfficial"]},{"@type":"Person","@id":"https:\/\/dailyai.com\/#\/schema\/person\/711e81f945549438e8bbc579efdeb3c9","name":"Sam Jeans","image":{"@type":"ImageObject","inLanguage":"nb-NO","@id":"https:\/\/secure.gravatar.com\/avatar\/a24a4a8f8e2a1a275b7491dc9c9f032c401eabf23c3206da4628dc84b6dac5c8?s=96&d=robohash&r=g","url":"https:\/\/secure.gravatar.com\/avatar\/a24a4a8f8e2a1a275b7491dc9c9f032c401eabf23c3206da4628dc84b6dac5c8?s=96&d=robohash&r=g","contentUrl":"https:\/\/secure.gravatar.com\/avatar\/a24a4a8f8e2a1a275b7491dc9c9f032c401eabf23c3206da4628dc84b6dac5c8?s=96&d=robohash&r=g","caption":"Sam Jeans"},"description":"Sam er en vitenskaps- og teknologiskribent som har jobbet i ulike oppstartsbedrifter innen kunstig intelligens. N\u00e5r han ikke skriver, leser han medisinske tidsskrifter eller graver seg gjennom esker med vinylplater.","sameAs":["https:\/\/www.linkedin.com\/in\/sam-jeans-6746b9142\/"],"url":"https:\/\/dailyai.com\/nb\/author\/samjeans\/"}]}},"_links":{"self":[{"href":"https:\/\/dailyai.com\/nb\/wp-json\/wp\/v2\/posts\/7629","targetHints":{"allow":["GET"]}}],"collection":[{"href":"https:\/\/dailyai.com\/nb\/wp-json\/wp\/v2\/posts"}],"about":[{"href":"https:\/\/dailyai.com\/nb\/wp-json\/wp\/v2\/types\/post"}],"author":[{"embeddable":true,"href":"https:\/\/dailyai.com\/nb\/wp-json\/wp\/v2\/users\/2"}],"replies":[{"embeddable":true,"href":"https:\/\/dailyai.com\/nb\/wp-json\/wp\/v2\/comments?post=7629"}],"version-history":[{"count":3,"href":"https:\/\/dailyai.com\/nb\/wp-json\/wp\/v2\/posts\/7629\/revisions"}],"predecessor-version":[{"id":7652,"href":"https:\/\/dailyai.com\/nb\/wp-json\/wp\/v2\/posts\/7629\/revisions\/7652"}],"wp:featuredmedia":[{"embeddable":true,"href":"https:\/\/dailyai.com\/nb\/wp-json\/wp\/v2\/media\/861"}],"wp:attachment":[{"href":"https:\/\/dailyai.com\/nb\/wp-json\/wp\/v2\/media?parent=7629"}],"wp:term":[{"taxonomy":"category","embeddable":true,"href":"https:\/\/dailyai.com\/nb\/wp-json\/wp\/v2\/categories?post=7629"},{"taxonomy":"post_tag","embeddable":true,"href":"https:\/\/dailyai.com\/nb\/wp-json\/wp\/v2\/tags?post=7629"}],"curies":[{"name":"wp","href":"https:\/\/api.w.org\/{rel}","templated":true}]}}