{"id":1546,"date":"2023-06-09T11:57:09","date_gmt":"2023-06-09T11:57:09","guid":{"rendered":"https:\/\/dailyai.com\/?p=1546"},"modified":"2023-06-09T14:29:50","modified_gmt":"2023-06-09T14:29:50","slug":"metas-vision-generative-ai-at-the-core-of-all-products-zuckerberg-confirms","status":"publish","type":"post","link":"https:\/\/dailyai.com\/nb\/2023\/06\/metas-vision-generative-ai-at-the-core-of-all-products-zuckerberg-confirms\/","title":{"rendered":"Metas visjon: Generativ AI i kjernen av alle produkter, bekrefter Zuckerberg"},"content":{"rendered":"<p><span style=\"font-weight: 400\">Mark Zuckerberg, administrerende direkt\u00f8r i Meta, kom med banebrytende uttalelser om den potensielle innlemmelsen av generativ AI i selskapets mange ulike produkter under den etterlengtede resultatsamtalen for f\u00f8rste kvartal.<\/span><\/p>\n<p><span style=\"font-weight: 400\">Zuckerberg sa: \"Brukeropplevelsen vil bli revolusjonert av denne smarte innovasjonen, som garantert vil begeistre teknologifans over hele verden.\"<\/span><\/p>\n<p><span style=\"font-weight: 400\">Zuckerberg bekreftet sitt standhaftige engasjement for \u00e5 flytte grensene for AI-teknologi da han sa: \"V\u00e5rt prim\u00e6re fokus innen AI dreier seg om \u00e5 utvikle robuste grunnmodeller som vil \u00e5pne opp for en myriade av nye muligheter, inkludert det revolusjonerende potensialet i generativ AI.\"<\/span><\/p>\n<p><span style=\"font-weight: 400\">\"Det banebrytende arbeidet vi gj\u00f8r akkurat n\u00e5, vil p\u00e5virke alle aspekter av det enorme \u00f8kosystemet v\u00e5rt,\" sier han med stor begeistring. Jeg gleder meg til \u00e5 dele de enest\u00e5ende fremskrittene vi kommer til \u00e5 lansere i l\u00f8pet av de kommende m\u00e5nedene.\"<\/span><\/p>\n<p><span style=\"font-weight: 400\">Effekten av Facebook- og Instagram-annonser og -innlegg vil \u00f8ke gjennom Metas intensive utforskning av generativ AI-integrasjon med deres visuelle produksjonsverkt\u00f8y. For \u00e5 bane vei for oppslukende opplevelser i n\u00e6r fremtid, studerer firmaet aggressivt video og multimodale interaksjoner.\u00a0<\/span><\/p>\n<p><span style=\"font-weight: 400\">Under et intervju med<\/span><a href=\"https:\/\/asia.nikkei.com\/Business\/Technology\/Meta-to-debut-ad-creating-generative-AI-this-year-CTO-says\"> <span style=\"font-weight: 400\">Nikkei<\/span><\/a><span style=\"font-weight: 400\">hadde Meta CTO Andrew Bosworth allerede gitt leserne en sniktitt p\u00e5 de fantastiske generative AI-drevne verkt\u00f8yene for \u00e5 lage annonser.<\/span><\/p>\n<p><span style=\"font-weight: 400\">Zuckerberg demonstrerte p\u00e5 en overbevisende m\u00e5te de fantastiske kreftene til LLM-drevne AI-roboter. Disse agentene gleder brukerne med sin evne til \u00e5 hjelpe og underholde dem ved \u00e5 ha s\u00e6regne identiteter og ferdigheter.<\/span><\/p>\n<p><span style=\"font-weight: 400\">Med et m\u00e5l om \u00e5 spre sin tilstedev\u00e6relse over hele Meta-familien, inkludert flere applikasjoner, forbrukerartikler og det fantastiske metaverse, \u00f8nsker Meta f\u00f8rst \u00e5 bringe disse AI-agentene til velkjente meldingstjenester som Messenger og WhatsApp.<\/span><\/p>\n<p><span style=\"font-weight: 400\">Som en del av sin satsing p\u00e5 kontinuerlig utvikling har Meta utviklet Agent's Playground, et unikt, eksperimentelt grensesnitt som drives av den fantastiske LLaMA-teknologien.<\/span><\/p>\n<p><span style=\"font-weight: 400\">Gjennom denne plattformen kan forbrukerne kommunisere med AI-roboter og komme med innsiktsfulle innspill som kan hjelpe selskapet med \u00e5 forbedre systemene sine.<\/span><\/p>\n<p><span style=\"font-weight: 400\">Inkorporeringen av AI-drevne forslag i Instagram Reels har imidlertid allerede vist Metas dedikasjon til \u00e5 tilby banebrytende AI-opplevelser til sin enorme brukerbase.<\/span><\/p>\n<p><span style=\"font-weight: 400\">En nylig Reuters<\/span><a href=\"https:\/\/www.reuters.com\/technology\/inside-metas-scramble-catch-up-ai-2023-04-25\/\"> <span style=\"font-weight: 400\">artikkel<\/span><\/a><span style=\"font-weight: 400\"> fremhevet Metas iherdige fors\u00f8k p\u00e5 \u00e5 ta igjen forspranget innen AI-vennlig maskinvare, noe som resulterte i et betydelig initiativ for \u00e5 styrke selskapets AI-infrastruktur.<\/span><\/p>\n<p><span style=\"font-weight: 400\">Den imponerende kvartalsvise \u00f8kningen i kapitalutgifter p\u00e5 over $4 milliarder kroner fremhever Metas p\u00e5g\u00e5ende forpliktelse til \u00e5 opprettholde sin ledende posisjon innen AI-innovasjon.<\/span><\/p>\n<p><span style=\"font-weight: 400\">Det er viktig \u00e5 huske at Metas innovative innlemmelse av generativ AI ikke b\u00f8r tolkes som et avvik fra deres h\u00f8ye metaverse m\u00e5l.\u00a0<\/span><\/p>\n<p><span style=\"font-weight: 400\">Zuckerberg er derimot overbevist om at Meta bare vil kunne opprettholde sine enorme milliardinvesteringer i mixed reality-opplevelser gjennom bruk av generativ AI.<\/span><\/p>\n<p><span style=\"font-weight: 400\">Brukerne kan enkelt lage avatarer, gjenstander, planeter og til og med kode, noe som utvider metaverseets potensial.<\/span><\/p>\n<p><span style=\"font-weight: 400\">Som svar p\u00e5 den siste utviklingen i bransjen, har Zuckerberg<\/span><a href=\"https:\/\/www.theverge.com\/2023\/6\/8\/23754239\/mark-zuckerberg-meta-apple-vision-pro-headset\"> <span style=\"font-weight: 400\">informert<\/span><\/a><span style=\"font-weight: 400\"> Meta-medarbeidere at han ikke var bekymret for Apples Vision Pro-hodesett. Han la vekt p\u00e5 de lave kostnadene for produktene deres som Metas konkurransefortrinn.<\/span><\/p>\n<p><span style=\"font-weight: 400\">Han trakk spesielt frem det etterlengtede Quest 3-hodeplagget, som vil bli tilgjengelig senere i \u00e5r til en rimelig pris p\u00e5 $499.<\/span><\/p>","protected":false},"excerpt":{"rendered":"<p>Mark Zuckerberg, administrerende direkt\u00f8r i Meta, kom med banebrytende erkl\u00e6ringer om den potensielle innlemmelsen av generativ AI i selskapets brede utvalg av produkter under den etterlengtede inntjeningssamtalen for f\u00f8rste kvartal. Zuckerberg sa: \"Brukeropplevelsen vil bli revolusjonert av denne smarte innovasjonen, som garantert vil begeistre teknologifans overalt.\" Zuckerberg bekreftet sitt standhaftige engasjement for \u00e5 flytte grensene for AI-teknologi da han sa: \"V\u00e5rt prim\u00e6re fokus innen AI dreier seg om \u00e5 utvikle robuste grunnmodeller som vil \u00e5pne opp for et utall nye muligheter, inkludert det revolusjonerende potensialet i generativ AI.\" Han sa med stor begeistring: \"Det banebrytende arbeidet vi<\/p>","protected":false},"author":3,"featured_media":1547,"comment_status":"closed","ping_status":"open","sticky":false,"template":"","format":"standard","meta":{"footnotes":""},"categories":[84,83],"tags":[107,132,131],"class_list":["post-1546","post","type-post","status-publish","format-standard","has-post-thumbnail","hentry","category-industry","category-product","tag-generative-ai","tag-mark-zuckerberg","tag-meta"],"yoast_head":"<!-- This site is optimized with the Yoast SEO plugin v27.5 - https:\/\/yoast.com\/product\/yoast-seo-wordpress\/ -->\n<title>Meta&#039;s Vision: Generative AI at the Core of All Products, Zuckerberg Confirms | DailyAI<\/title>\n<meta name=\"description\" content=\"Uncover Meta&#039;s vision for the future as CEO Mark Zuckerberg confirms the integration of generative AI across all products.\" \/>\n<meta name=\"robots\" content=\"index, follow, max-snippet:-1, max-image-preview:large, max-video-preview:-1\" \/>\n<link rel=\"canonical\" href=\"https:\/\/dailyai.com\/nb\/2023\/06\/metas-vision-generative-ai-at-the-core-of-all-products-zuckerberg-confirms\/\" \/>\n<meta property=\"og:locale\" content=\"nb_NO\" \/>\n<meta property=\"og:type\" content=\"article\" \/>\n<meta property=\"og:title\" content=\"Meta&#039;s Vision: Generative AI at the Core of All Products, Zuckerberg Confirms | DailyAI\" \/>\n<meta property=\"og:description\" content=\"Uncover Meta&#039;s vision for the future as CEO Mark Zuckerberg confirms the integration of generative AI across all products.\" \/>\n<meta property=\"og:url\" content=\"https:\/\/dailyai.com\/nb\/2023\/06\/metas-vision-generative-ai-at-the-core-of-all-products-zuckerberg-confirms\/\" \/>\n<meta property=\"og:site_name\" content=\"DailyAI\" \/>\n<meta property=\"article:published_time\" content=\"2023-06-09T11:57:09+00:00\" \/>\n<meta property=\"article:modified_time\" content=\"2023-06-09T14:29:50+00:00\" \/>\n<meta property=\"og:image\" content=\"https:\/\/dailyai.com\/wp-content\/uploads\/2023\/06\/Meta-scaled.jpg\" \/>\n\t<meta property=\"og:image:width\" content=\"2560\" \/>\n\t<meta property=\"og:image:height\" content=\"1707\" \/>\n\t<meta property=\"og:image:type\" content=\"image\/jpeg\" \/>\n<meta name=\"author\" content=\"Jay Parmar\" \/>\n<meta name=\"twitter:card\" content=\"summary_large_image\" \/>\n<meta name=\"twitter:creator\" content=\"@DailyAIOfficial\" \/>\n<meta name=\"twitter:site\" content=\"@DailyAIOfficial\" \/>\n<meta name=\"twitter:label1\" content=\"Skrevet av\" \/>\n\t<meta name=\"twitter:data1\" content=\"Jay Parmar\" \/>\n\t<meta name=\"twitter:label2\" content=\"Ansl. lesetid\" \/>\n\t<meta name=\"twitter:data2\" content=\"3 minutter\" \/>\n<script type=\"application\/ld+json\" class=\"yoast-schema-graph\">{\"@context\":\"https:\\\/\\\/schema.org\",\"@graph\":[{\"@type\":\"NewsArticle\",\"@id\":\"https:\\\/\\\/dailyai.com\\\/2023\\\/06\\\/metas-vision-generative-ai-at-the-core-of-all-products-zuckerberg-confirms\\\/#article\",\"isPartOf\":{\"@id\":\"https:\\\/\\\/dailyai.com\\\/2023\\\/06\\\/metas-vision-generative-ai-at-the-core-of-all-products-zuckerberg-confirms\\\/\"},\"author\":{\"name\":\"Jay Parmar\",\"@id\":\"https:\\\/\\\/dailyai.com\\\/#\\\/schema\\\/person\\\/07ff08e38a9fa54c85f3e84d0d501709\"},\"headline\":\"Meta&#8217;s Vision: Generative AI at the Core of All Products, Zuckerberg Confirms\",\"datePublished\":\"2023-06-09T11:57:09+00:00\",\"dateModified\":\"2023-06-09T14:29:50+00:00\",\"mainEntityOfPage\":{\"@id\":\"https:\\\/\\\/dailyai.com\\\/2023\\\/06\\\/metas-vision-generative-ai-at-the-core-of-all-products-zuckerberg-confirms\\\/\"},\"wordCount\":528,\"publisher\":{\"@id\":\"https:\\\/\\\/dailyai.com\\\/#organization\"},\"image\":{\"@id\":\"https:\\\/\\\/dailyai.com\\\/2023\\\/06\\\/metas-vision-generative-ai-at-the-core-of-all-products-zuckerberg-confirms\\\/#primaryimage\"},\"thumbnailUrl\":\"https:\\\/\\\/dailyai.com\\\/wp-content\\\/uploads\\\/2023\\\/06\\\/Meta-scaled.jpg\",\"keywords\":[\"Generative AI\",\"Mark Zuckerberg\",\"Meta\"],\"articleSection\":[\"Industry\",\"Product\"],\"inLanguage\":\"nb-NO\"},{\"@type\":\"WebPage\",\"@id\":\"https:\\\/\\\/dailyai.com\\\/2023\\\/06\\\/metas-vision-generative-ai-at-the-core-of-all-products-zuckerberg-confirms\\\/\",\"url\":\"https:\\\/\\\/dailyai.com\\\/2023\\\/06\\\/metas-vision-generative-ai-at-the-core-of-all-products-zuckerberg-confirms\\\/\",\"name\":\"Meta's Vision: Generative AI at the Core of All Products, Zuckerberg Confirms | DailyAI\",\"isPartOf\":{\"@id\":\"https:\\\/\\\/dailyai.com\\\/#website\"},\"primaryImageOfPage\":{\"@id\":\"https:\\\/\\\/dailyai.com\\\/2023\\\/06\\\/metas-vision-generative-ai-at-the-core-of-all-products-zuckerberg-confirms\\\/#primaryimage\"},\"image\":{\"@id\":\"https:\\\/\\\/dailyai.com\\\/2023\\\/06\\\/metas-vision-generative-ai-at-the-core-of-all-products-zuckerberg-confirms\\\/#primaryimage\"},\"thumbnailUrl\":\"https:\\\/\\\/dailyai.com\\\/wp-content\\\/uploads\\\/2023\\\/06\\\/Meta-scaled.jpg\",\"datePublished\":\"2023-06-09T11:57:09+00:00\",\"dateModified\":\"2023-06-09T14:29:50+00:00\",\"description\":\"Uncover Meta's vision for the future as CEO Mark Zuckerberg confirms the integration of generative AI across all products.\",\"breadcrumb\":{\"@id\":\"https:\\\/\\\/dailyai.com\\\/2023\\\/06\\\/metas-vision-generative-ai-at-the-core-of-all-products-zuckerberg-confirms\\\/#breadcrumb\"},\"inLanguage\":\"nb-NO\",\"potentialAction\":[{\"@type\":\"ReadAction\",\"target\":[\"https:\\\/\\\/dailyai.com\\\/2023\\\/06\\\/metas-vision-generative-ai-at-the-core-of-all-products-zuckerberg-confirms\\\/\"]}]},{\"@type\":\"ImageObject\",\"inLanguage\":\"nb-NO\",\"@id\":\"https:\\\/\\\/dailyai.com\\\/2023\\\/06\\\/metas-vision-generative-ai-at-the-core-of-all-products-zuckerberg-confirms\\\/#primaryimage\",\"url\":\"https:\\\/\\\/dailyai.com\\\/wp-content\\\/uploads\\\/2023\\\/06\\\/Meta-scaled.jpg\",\"contentUrl\":\"https:\\\/\\\/dailyai.com\\\/wp-content\\\/uploads\\\/2023\\\/06\\\/Meta-scaled.jpg\",\"width\":6000,\"height\":4000},{\"@type\":\"BreadcrumbList\",\"@id\":\"https:\\\/\\\/dailyai.com\\\/2023\\\/06\\\/metas-vision-generative-ai-at-the-core-of-all-products-zuckerberg-confirms\\\/#breadcrumb\",\"itemListElement\":[{\"@type\":\"ListItem\",\"position\":1,\"name\":\"Home\",\"item\":\"https:\\\/\\\/dailyai.com\\\/\"},{\"@type\":\"ListItem\",\"position\":2,\"name\":\"Meta&#8217;s Vision: Generative AI at the Core of All Products, Zuckerberg Confirms\"}]},{\"@type\":\"WebSite\",\"@id\":\"https:\\\/\\\/dailyai.com\\\/#website\",\"url\":\"https:\\\/\\\/dailyai.com\\\/\",\"name\":\"DailyAI\",\"description\":\"Your Daily Dose of AI News\",\"publisher\":{\"@id\":\"https:\\\/\\\/dailyai.com\\\/#organization\"},\"potentialAction\":[{\"@type\":\"SearchAction\",\"target\":{\"@type\":\"EntryPoint\",\"urlTemplate\":\"https:\\\/\\\/dailyai.com\\\/?s={search_term_string}\"},\"query-input\":{\"@type\":\"PropertyValueSpecification\",\"valueRequired\":true,\"valueName\":\"search_term_string\"}}],\"inLanguage\":\"nb-NO\"},{\"@type\":\"Organization\",\"@id\":\"https:\\\/\\\/dailyai.com\\\/#organization\",\"name\":\"DailyAI\",\"url\":\"https:\\\/\\\/dailyai.com\\\/\",\"logo\":{\"@type\":\"ImageObject\",\"inLanguage\":\"nb-NO\",\"@id\":\"https:\\\/\\\/dailyai.com\\\/#\\\/schema\\\/logo\\\/image\\\/\",\"url\":\"https:\\\/\\\/dailyai.com\\\/wp-content\\\/uploads\\\/2023\\\/06\\\/Daily-Ai_TL_colour.png\",\"contentUrl\":\"https:\\\/\\\/dailyai.com\\\/wp-content\\\/uploads\\\/2023\\\/06\\\/Daily-Ai_TL_colour.png\",\"width\":4501,\"height\":934,\"caption\":\"DailyAI\"},\"image\":{\"@id\":\"https:\\\/\\\/dailyai.com\\\/#\\\/schema\\\/logo\\\/image\\\/\"},\"sameAs\":[\"https:\\\/\\\/x.com\\\/DailyAIOfficial\",\"https:\\\/\\\/www.linkedin.com\\\/company\\\/dailyaiofficial\\\/\",\"https:\\\/\\\/www.youtube.com\\\/@DailyAIOfficial\"]},{\"@type\":\"Person\",\"@id\":\"https:\\\/\\\/dailyai.com\\\/#\\\/schema\\\/person\\\/07ff08e38a9fa54c85f3e84d0d501709\",\"name\":\"Jay Parmar\",\"image\":{\"@type\":\"ImageObject\",\"inLanguage\":\"nb-NO\",\"@id\":\"https:\\\/\\\/dailyai.com\\\/wp-content\\\/uploads\\\/2023\\\/06\\\/1689225440270-96x96.jpg\",\"url\":\"https:\\\/\\\/dailyai.com\\\/wp-content\\\/uploads\\\/2023\\\/06\\\/1689225440270-96x96.jpg\",\"contentUrl\":\"https:\\\/\\\/dailyai.com\\\/wp-content\\\/uploads\\\/2023\\\/06\\\/1689225440270-96x96.jpg\",\"caption\":\"Jay Parmar\"},\"description\":\"Jay is a technical writer and Computer Science graduate. He is a long-term AI and ML enthusiast and writes for various platforms like HashDork, TutorialsPoint. Off-duty, Jay simplifies tech and freelances.\",\"sameAs\":[\"https:\\\/\\\/www.linkedin.com\\\/in\\\/jay-singh-318290199\\\/\"],\"url\":\"https:\\\/\\\/dailyai.com\\\/nb\\\/author\\\/jayparmar\\\/\"}]}<\/script>\n<!-- \/ Yoast SEO plugin. -->","yoast_head_json":{"title":"Meta's visjon: Generativ AI i kjernen av alle produkter, bekrefter Zuckerberg | DailyAI","description":"Avsl\u00f8r Metas visjon for fremtiden n\u00e5r administrerende direkt\u00f8r Mark Zuckerberg bekrefter integreringen av generativ AI p\u00e5 tvers av alle produkter.","robots":{"index":"index","follow":"follow","max-snippet":"max-snippet:-1","max-image-preview":"max-image-preview:large","max-video-preview":"max-video-preview:-1"},"canonical":"https:\/\/dailyai.com\/nb\/2023\/06\/metas-vision-generative-ai-at-the-core-of-all-products-zuckerberg-confirms\/","og_locale":"nb_NO","og_type":"article","og_title":"Meta's Vision: Generative AI at the Core of All Products, Zuckerberg Confirms | DailyAI","og_description":"Uncover Meta's vision for the future as CEO Mark Zuckerberg confirms the integration of generative AI across all products.","og_url":"https:\/\/dailyai.com\/nb\/2023\/06\/metas-vision-generative-ai-at-the-core-of-all-products-zuckerberg-confirms\/","og_site_name":"DailyAI","article_published_time":"2023-06-09T11:57:09+00:00","article_modified_time":"2023-06-09T14:29:50+00:00","og_image":[{"width":2560,"height":1707,"url":"https:\/\/dailyai.com\/wp-content\/uploads\/2023\/06\/Meta-scaled.jpg","type":"image\/jpeg"}],"author":"Jay Parmar","twitter_card":"summary_large_image","twitter_creator":"@DailyAIOfficial","twitter_site":"@DailyAIOfficial","twitter_misc":{"Skrevet av":"Jay Parmar","Ansl. lesetid":"3 minutter"},"schema":{"@context":"https:\/\/schema.org","@graph":[{"@type":"NewsArticle","@id":"https:\/\/dailyai.com\/2023\/06\/metas-vision-generative-ai-at-the-core-of-all-products-zuckerberg-confirms\/#article","isPartOf":{"@id":"https:\/\/dailyai.com\/2023\/06\/metas-vision-generative-ai-at-the-core-of-all-products-zuckerberg-confirms\/"},"author":{"name":"Jay Parmar","@id":"https:\/\/dailyai.com\/#\/schema\/person\/07ff08e38a9fa54c85f3e84d0d501709"},"headline":"Meta&#8217;s Vision: Generative AI at the Core of All Products, Zuckerberg Confirms","datePublished":"2023-06-09T11:57:09+00:00","dateModified":"2023-06-09T14:29:50+00:00","mainEntityOfPage":{"@id":"https:\/\/dailyai.com\/2023\/06\/metas-vision-generative-ai-at-the-core-of-all-products-zuckerberg-confirms\/"},"wordCount":528,"publisher":{"@id":"https:\/\/dailyai.com\/#organization"},"image":{"@id":"https:\/\/dailyai.com\/2023\/06\/metas-vision-generative-ai-at-the-core-of-all-products-zuckerberg-confirms\/#primaryimage"},"thumbnailUrl":"https:\/\/dailyai.com\/wp-content\/uploads\/2023\/06\/Meta-scaled.jpg","keywords":["Generative AI","Mark Zuckerberg","Meta"],"articleSection":["Industry","Product"],"inLanguage":"nb-NO"},{"@type":"WebPage","@id":"https:\/\/dailyai.com\/2023\/06\/metas-vision-generative-ai-at-the-core-of-all-products-zuckerberg-confirms\/","url":"https:\/\/dailyai.com\/2023\/06\/metas-vision-generative-ai-at-the-core-of-all-products-zuckerberg-confirms\/","name":"Meta's visjon: Generativ AI i kjernen av alle produkter, bekrefter Zuckerberg | DailyAI","isPartOf":{"@id":"https:\/\/dailyai.com\/#website"},"primaryImageOfPage":{"@id":"https:\/\/dailyai.com\/2023\/06\/metas-vision-generative-ai-at-the-core-of-all-products-zuckerberg-confirms\/#primaryimage"},"image":{"@id":"https:\/\/dailyai.com\/2023\/06\/metas-vision-generative-ai-at-the-core-of-all-products-zuckerberg-confirms\/#primaryimage"},"thumbnailUrl":"https:\/\/dailyai.com\/wp-content\/uploads\/2023\/06\/Meta-scaled.jpg","datePublished":"2023-06-09T11:57:09+00:00","dateModified":"2023-06-09T14:29:50+00:00","description":"Avsl\u00f8r Metas visjon for fremtiden n\u00e5r administrerende direkt\u00f8r Mark Zuckerberg bekrefter integreringen av generativ AI p\u00e5 tvers av alle produkter.","breadcrumb":{"@id":"https:\/\/dailyai.com\/2023\/06\/metas-vision-generative-ai-at-the-core-of-all-products-zuckerberg-confirms\/#breadcrumb"},"inLanguage":"nb-NO","potentialAction":[{"@type":"ReadAction","target":["https:\/\/dailyai.com\/2023\/06\/metas-vision-generative-ai-at-the-core-of-all-products-zuckerberg-confirms\/"]}]},{"@type":"ImageObject","inLanguage":"nb-NO","@id":"https:\/\/dailyai.com\/2023\/06\/metas-vision-generative-ai-at-the-core-of-all-products-zuckerberg-confirms\/#primaryimage","url":"https:\/\/dailyai.com\/wp-content\/uploads\/2023\/06\/Meta-scaled.jpg","contentUrl":"https:\/\/dailyai.com\/wp-content\/uploads\/2023\/06\/Meta-scaled.jpg","width":6000,"height":4000},{"@type":"BreadcrumbList","@id":"https:\/\/dailyai.com\/2023\/06\/metas-vision-generative-ai-at-the-core-of-all-products-zuckerberg-confirms\/#breadcrumb","itemListElement":[{"@type":"ListItem","position":1,"name":"Home","item":"https:\/\/dailyai.com\/"},{"@type":"ListItem","position":2,"name":"Meta&#8217;s Vision: Generative AI at the Core of All Products, Zuckerberg Confirms"}]},{"@type":"WebSite","@id":"https:\/\/dailyai.com\/#website","url":"https:\/\/dailyai.com\/","name":"DagligAI","description":"Din daglige dose med AI-nyheter","publisher":{"@id":"https:\/\/dailyai.com\/#organization"},"potentialAction":[{"@type":"SearchAction","target":{"@type":"EntryPoint","urlTemplate":"https:\/\/dailyai.com\/?s={search_term_string}"},"query-input":{"@type":"PropertyValueSpecification","valueRequired":true,"valueName":"search_term_string"}}],"inLanguage":"nb-NO"},{"@type":"Organization","@id":"https:\/\/dailyai.com\/#organization","name":"DagligAI","url":"https:\/\/dailyai.com\/","logo":{"@type":"ImageObject","inLanguage":"nb-NO","@id":"https:\/\/dailyai.com\/#\/schema\/logo\/image\/","url":"https:\/\/dailyai.com\/wp-content\/uploads\/2023\/06\/Daily-Ai_TL_colour.png","contentUrl":"https:\/\/dailyai.com\/wp-content\/uploads\/2023\/06\/Daily-Ai_TL_colour.png","width":4501,"height":934,"caption":"DailyAI"},"image":{"@id":"https:\/\/dailyai.com\/#\/schema\/logo\/image\/"},"sameAs":["https:\/\/x.com\/DailyAIOfficial","https:\/\/www.linkedin.com\/company\/dailyaiofficial\/","https:\/\/www.youtube.com\/@DailyAIOfficial"]},{"@type":"Person","@id":"https:\/\/dailyai.com\/#\/schema\/person\/07ff08e38a9fa54c85f3e84d0d501709","name":"Jay Parmar","image":{"@type":"ImageObject","inLanguage":"nb-NO","@id":"https:\/\/dailyai.com\/wp-content\/uploads\/2023\/06\/1689225440270-96x96.jpg","url":"https:\/\/dailyai.com\/wp-content\/uploads\/2023\/06\/1689225440270-96x96.jpg","contentUrl":"https:\/\/dailyai.com\/wp-content\/uploads\/2023\/06\/1689225440270-96x96.jpg","caption":"Jay Parmar"},"description":"Jay er teknisk skribent og utdannet informatiker. Han har lenge v\u00e6rt en AI- og ML-entusiast og skriver for ulike plattformer som HashDork og TutorialsPoint. N\u00e5r han ikke er p\u00e5 jobb, forenkler Jay teknologi og frilanser.","sameAs":["https:\/\/www.linkedin.com\/in\/jay-singh-318290199\/"],"url":"https:\/\/dailyai.com\/nb\/author\/jayparmar\/"}]}},"_links":{"self":[{"href":"https:\/\/dailyai.com\/nb\/wp-json\/wp\/v2\/posts\/1546","targetHints":{"allow":["GET"]}}],"collection":[{"href":"https:\/\/dailyai.com\/nb\/wp-json\/wp\/v2\/posts"}],"about":[{"href":"https:\/\/dailyai.com\/nb\/wp-json\/wp\/v2\/types\/post"}],"author":[{"embeddable":true,"href":"https:\/\/dailyai.com\/nb\/wp-json\/wp\/v2\/users\/3"}],"replies":[{"embeddable":true,"href":"https:\/\/dailyai.com\/nb\/wp-json\/wp\/v2\/comments?post=1546"}],"version-history":[{"count":4,"href":"https:\/\/dailyai.com\/nb\/wp-json\/wp\/v2\/posts\/1546\/revisions"}],"predecessor-version":[{"id":1553,"href":"https:\/\/dailyai.com\/nb\/wp-json\/wp\/v2\/posts\/1546\/revisions\/1553"}],"wp:featuredmedia":[{"embeddable":true,"href":"https:\/\/dailyai.com\/nb\/wp-json\/wp\/v2\/media\/1547"}],"wp:attachment":[{"href":"https:\/\/dailyai.com\/nb\/wp-json\/wp\/v2\/media?parent=1546"}],"wp:term":[{"taxonomy":"category","embeddable":true,"href":"https:\/\/dailyai.com\/nb\/wp-json\/wp\/v2\/categories?post=1546"},{"taxonomy":"post_tag","embeddable":true,"href":"https:\/\/dailyai.com\/nb\/wp-json\/wp\/v2\/tags?post=1546"}],"curies":[{"name":"wp","href":"https:\/\/api.w.org\/{rel}","templated":true}]}}