{"id":7629,"date":"2023-11-22T10:56:20","date_gmt":"2023-11-22T10:56:20","guid":{"rendered":"https:\/\/dailyai.com\/?p=7629"},"modified":"2023-11-22T21:31:48","modified_gmt":"2023-11-22T21:31:48","slug":"openai-come-to-an-agreement-in-principle-for-sam-altman-to-return-as-ceo","status":"publish","type":"post","link":"https:\/\/dailyai.com\/es\/2023\/11\/openai-come-to-an-agreement-in-principle-for-sam-altman-to-return-as-ceo\/","title":{"rendered":"OpenAI llega a un \"acuerdo de principio\" para el regreso de Sam Altman como CEO"},"content":{"rendered":"<p><b>En lo que quiz\u00e1 sea el giro final del drama de OpenAI, Sam Altman va a ser restituido como consejero delegado de la empresa.<\/b><\/p>\n<p><span style=\"font-weight: 400;\">El drama se desencaden\u00f3 cuando el consejo anunci\u00f3 la destituci\u00f3n de Altman, alegando falta de franqueza en sus comunicaciones. <\/span><\/p>\n<p><span style=\"font-weight: 400;\">Esto llev\u00f3 a una semana dram\u00e1tica, con Altman y el cofundador Greg Brockman <a href=\"https:\/\/dailyai.com\/es\/2023\/11\/over-500-openai-employees-threaten-the-board-with-their-resignation\/\">planea unirse a Microsoft<\/a>La mayor\u00eda de los empleados de OpenAI han firmado una carta en la que dicen que se ir\u00e1n a menos que dimita la junta directiva, y se habla de que Altman y Brockman van a crear una nueva empresa.\u00a0<\/span><\/p>\n<p><span style=\"font-weight: 400;\">OpenAI ha confirmado un \"acuerdo de principio\" para formar una <a href=\"https:\/\/dailyai.com\/es\/2023\/11\/investor-pressure-within-openai-might-trigger-a-dramatic-u-turn\/\">nuevo consejo compuesto por<\/a> Bret Taylor (ex codirector general de Salesforce), Larry Summers (ex asesor de la Casa Blanca y presidente de la Universidad de Harvard) y Adam D'Angelo (director general de Quora).<\/span><\/p>\n<p><span style=\"font-weight: 400;\">Esta nueva junta sustituye a la anterior, que inclu\u00eda a Tasha McCauley, Ilya Sutskever y Helen Toner.<\/span><\/p>\n<p><span style=\"font-weight: 400;\">A pesar de la falta de razones espec\u00edficas para la destituci\u00f3n inicial de Altman, Brad Lightcap, Director de Operaciones de OpenAI, aclar\u00f3 en un memor\u00e1ndum que no estaba relacionada con cuestiones financieras, comerciales, de seguridad o pr\u00e1cticas de seguridad\/privacidad.<\/span><\/p>\n<blockquote class=\"twitter-tweet\">\n<p dir=\"ltr\" lang=\"en\">OpenAI no es nada sin su gente <a href=\"https:\/\/t.co\/XYKLQ61e6l\">https:\/\/t.co\/XYKLQ61e6l<\/a><\/p>\n<p>- OpenAI (@OpenAI) <a href=\"https:\/\/twitter.com\/OpenAI\/status\/1727236805182026159?ref_src=twsrc%5Etfw\">22 de noviembre de 2023<\/a><\/p><\/blockquote>\n<p><script async src=\"https:\/\/platform.twitter.com\/widgets.js\" charset=\"utf-8\"><\/script><\/p>\n<p><span style=\"font-weight: 400;\">En <\/span><a href=\"https:\/\/www.nytimes.com\/international\/\"><span style=\"font-weight: 400;\">New York Times<\/span><\/a><span style=\"font-weight: 400;\"> inform\u00f3 de continuos desacuerdos en el seno del consejo sobre el ritmo de desarrollo de la IA y su seguridad, con Altman abogando por un progreso r\u00e1pido. Se trata sobre todo de especulaciones.\u00a0<\/span><\/p>\n<p><span style=\"font-weight: 400;\">En un comunicado, Altman expres\u00f3 su compromiso con OpenAI y su asociaci\u00f3n con Microsoft y expres\u00f3 su deseo de reanudar sus funciones. Satya Nadella, consejero delegado de Microsoft, acogi\u00f3 con satisfacci\u00f3n los cambios en el consejo de OpenAI, que calific\u00f3 de paso positivo hacia una gobernanza eficaz.<\/span><\/p>\n<blockquote class=\"twitter-tweet\">\n<p dir=\"ltr\" lang=\"en\">me encanta openai, y todo lo que he hecho en los \u00faltimos d\u00edas ha sido para mantener unido a este equipo y su misi\u00f3n. cuando decid\u00ed unirme a msft el domingo por la tarde, estaba claro que era el mejor camino para m\u00ed y para el equipo. con la nueva junta y con el apoyo de satya, estoy...<\/p>\n<p>- Sam Altman (@sama) <a href=\"https:\/\/twitter.com\/sama\/status\/1727207458324848883?ref_src=twsrc%5Etfw\">22 de noviembre de 2023<\/a><\/p><\/blockquote>\n<p><script async src=\"https:\/\/platform.twitter.com\/widgets.js\" charset=\"utf-8\"><\/script><\/p>\n<p><span style=\"font-weight: 400;\">La medida ha sido bien recibida en OpenAI, y ejecutivos como Mira Murati y Greg Brockman han expresado su apoyo.<\/span><\/p>\n<p><span style=\"font-weight: 400;\"> Sin embargo, persisten los interrogantes sobre la estructura de gobierno de la empresa. \u00bfQu\u00e9 habr\u00eda ocurrido si la empresa ya estuviera supervisando a AGI y la situaci\u00f3n se hubiera descontrolado a\u00fan m\u00e1s?\u00a0<\/span><\/p>\n<p><span style=\"font-weight: 400;\">Esto marca un momento significativo en la historia de la tecnolog\u00eda y pone de relieve las complejidades de la gobernanza y el liderazgo en la industria de la IA, en r\u00e1pida evoluci\u00f3n.<\/span><\/p>\n<p><span style=\"font-weight: 400;\"> Seguro que se debatir\u00e1 durante meses.\u00a0<\/span><\/p>","protected":false},"excerpt":{"rendered":"<p>En lo que quiz\u00e1 sea el giro final del drama de OpenAI, Sam Altman ser\u00e1 restituido como consejero delegado de la empresa. El drama se desencaden\u00f3 cuando el consejo de administraci\u00f3n anunci\u00f3 la destituci\u00f3n de Altman, alegando falta de franqueza en sus comunicaciones. Altman y su cofundador, Greg Brockman, planeaban unirse a Microsoft, la mayor\u00eda de los empleados de OpenAI firmaron una carta en la que dec\u00edan que se ir\u00edan a menos que el consejo dimitiera, y se habl\u00f3 de que Altman y Brockman fundar\u00edan una nueva empresa.  OpenAI ha confirmado un \"acuerdo de principio\" para formar un nuevo consejo compuesto por Bret Taylor (antiguo codirector ejecutivo de Salesforce), Larry<\/p>","protected":false},"author":2,"featured_media":861,"comment_status":"closed","ping_status":"open","sticky":false,"template":"","format":"standard","meta":{"footnotes":""},"categories":[84],"tags":[93,136],"class_list":["post-7629","post","type-post","status-publish","format-standard","has-post-thumbnail","hentry","category-industry","tag-openai","tag-sam-altman"],"yoast_head":"<!-- This site is optimized with the Yoast SEO plugin v27.4 - https:\/\/yoast.com\/product\/yoast-seo-wordpress\/ -->\n<title>OpenAI form an &#039;agreement in principle&#039; for Sam Altman to return as CEO | DailyAI<\/title>\n<meta name=\"description\" content=\"In what is maybe the final twist to the OpenAI drama, Sam Altman is set to be reinstated as the company&#039;s CEO.\" \/>\n<meta name=\"robots\" content=\"index, follow, max-snippet:-1, max-image-preview:large, max-video-preview:-1\" \/>\n<link rel=\"canonical\" href=\"https:\/\/dailyai.com\/es\/2023\/11\/openai-come-to-an-agreement-in-principle-for-sam-altman-to-return-as-ceo\/\" \/>\n<meta property=\"og:locale\" content=\"es_ES\" \/>\n<meta property=\"og:type\" content=\"article\" \/>\n<meta property=\"og:title\" content=\"OpenAI form an &#039;agreement in principle&#039; for Sam Altman to return as CEO | DailyAI\" \/>\n<meta property=\"og:description\" content=\"In what is maybe the final twist to the OpenAI drama, Sam Altman is set to be reinstated as the company&#039;s CEO.\" \/>\n<meta property=\"og:url\" content=\"https:\/\/dailyai.com\/es\/2023\/11\/openai-come-to-an-agreement-in-principle-for-sam-altman-to-return-as-ceo\/\" \/>\n<meta property=\"og:site_name\" content=\"DailyAI\" \/>\n<meta property=\"article:published_time\" content=\"2023-11-22T10:56:20+00:00\" \/>\n<meta property=\"article:modified_time\" content=\"2023-11-22T21:31:48+00:00\" \/>\n<meta property=\"og:image\" content=\"https:\/\/dailyai.com\/wp-content\/uploads\/2023\/05\/shutterstock_2247291331-e1684936073125.jpg\" \/>\n\t<meta property=\"og:image:width\" content=\"600\" \/>\n\t<meta property=\"og:image:height\" content=\"389\" \/>\n\t<meta property=\"og:image:type\" content=\"image\/jpeg\" \/>\n<meta name=\"author\" content=\"Sam Jeans\" \/>\n<meta name=\"twitter:card\" content=\"summary_large_image\" \/>\n<meta name=\"twitter:creator\" content=\"@DailyAIOfficial\" \/>\n<meta name=\"twitter:site\" content=\"@DailyAIOfficial\" \/>\n<meta name=\"twitter:label1\" content=\"Escrito por\" \/>\n\t<meta name=\"twitter:data1\" content=\"Sam Jeans\" \/>\n\t<meta name=\"twitter:label2\" content=\"Tiempo de lectura\" \/>\n\t<meta name=\"twitter:data2\" content=\"2 minutos\" \/>\n<script type=\"application\/ld+json\" class=\"yoast-schema-graph\">{\"@context\":\"https:\\\/\\\/schema.org\",\"@graph\":[{\"@type\":\"NewsArticle\",\"@id\":\"https:\\\/\\\/dailyai.com\\\/2023\\\/11\\\/openai-come-to-an-agreement-in-principle-for-sam-altman-to-return-as-ceo\\\/#article\",\"isPartOf\":{\"@id\":\"https:\\\/\\\/dailyai.com\\\/2023\\\/11\\\/openai-come-to-an-agreement-in-principle-for-sam-altman-to-return-as-ceo\\\/\"},\"author\":{\"name\":\"Sam Jeans\",\"@id\":\"https:\\\/\\\/dailyai.com\\\/#\\\/schema\\\/person\\\/711e81f945549438e8bbc579efdeb3c9\"},\"headline\":\"OpenAI form an &#8216;agreement in principle&#8217; for Sam Altman to return as CEO\",\"datePublished\":\"2023-11-22T10:56:20+00:00\",\"dateModified\":\"2023-11-22T21:31:48+00:00\",\"mainEntityOfPage\":{\"@id\":\"https:\\\/\\\/dailyai.com\\\/2023\\\/11\\\/openai-come-to-an-agreement-in-principle-for-sam-altman-to-return-as-ceo\\\/\"},\"wordCount\":409,\"publisher\":{\"@id\":\"https:\\\/\\\/dailyai.com\\\/#organization\"},\"image\":{\"@id\":\"https:\\\/\\\/dailyai.com\\\/2023\\\/11\\\/openai-come-to-an-agreement-in-principle-for-sam-altman-to-return-as-ceo\\\/#primaryimage\"},\"thumbnailUrl\":\"https:\\\/\\\/dailyai.com\\\/wp-content\\\/uploads\\\/2023\\\/05\\\/shutterstock_2247291331-e1684936073125.jpg\",\"keywords\":[\"OpenAI\",\"Sam Altman\"],\"articleSection\":[\"Industry\"],\"inLanguage\":\"es\"},{\"@type\":\"WebPage\",\"@id\":\"https:\\\/\\\/dailyai.com\\\/2023\\\/11\\\/openai-come-to-an-agreement-in-principle-for-sam-altman-to-return-as-ceo\\\/\",\"url\":\"https:\\\/\\\/dailyai.com\\\/2023\\\/11\\\/openai-come-to-an-agreement-in-principle-for-sam-altman-to-return-as-ceo\\\/\",\"name\":\"OpenAI form an 'agreement in principle' for Sam Altman to return as CEO | DailyAI\",\"isPartOf\":{\"@id\":\"https:\\\/\\\/dailyai.com\\\/#website\"},\"primaryImageOfPage\":{\"@id\":\"https:\\\/\\\/dailyai.com\\\/2023\\\/11\\\/openai-come-to-an-agreement-in-principle-for-sam-altman-to-return-as-ceo\\\/#primaryimage\"},\"image\":{\"@id\":\"https:\\\/\\\/dailyai.com\\\/2023\\\/11\\\/openai-come-to-an-agreement-in-principle-for-sam-altman-to-return-as-ceo\\\/#primaryimage\"},\"thumbnailUrl\":\"https:\\\/\\\/dailyai.com\\\/wp-content\\\/uploads\\\/2023\\\/05\\\/shutterstock_2247291331-e1684936073125.jpg\",\"datePublished\":\"2023-11-22T10:56:20+00:00\",\"dateModified\":\"2023-11-22T21:31:48+00:00\",\"description\":\"In what is maybe the final twist to the OpenAI drama, Sam Altman is set to be reinstated as the company's CEO.\",\"breadcrumb\":{\"@id\":\"https:\\\/\\\/dailyai.com\\\/2023\\\/11\\\/openai-come-to-an-agreement-in-principle-for-sam-altman-to-return-as-ceo\\\/#breadcrumb\"},\"inLanguage\":\"es\",\"potentialAction\":[{\"@type\":\"ReadAction\",\"target\":[\"https:\\\/\\\/dailyai.com\\\/2023\\\/11\\\/openai-come-to-an-agreement-in-principle-for-sam-altman-to-return-as-ceo\\\/\"]}]},{\"@type\":\"ImageObject\",\"inLanguage\":\"es\",\"@id\":\"https:\\\/\\\/dailyai.com\\\/2023\\\/11\\\/openai-come-to-an-agreement-in-principle-for-sam-altman-to-return-as-ceo\\\/#primaryimage\",\"url\":\"https:\\\/\\\/dailyai.com\\\/wp-content\\\/uploads\\\/2023\\\/05\\\/shutterstock_2247291331-e1684936073125.jpg\",\"contentUrl\":\"https:\\\/\\\/dailyai.com\\\/wp-content\\\/uploads\\\/2023\\\/05\\\/shutterstock_2247291331-e1684936073125.jpg\",\"width\":600,\"height\":389,\"caption\":\"AI superintelligence\"},{\"@type\":\"BreadcrumbList\",\"@id\":\"https:\\\/\\\/dailyai.com\\\/2023\\\/11\\\/openai-come-to-an-agreement-in-principle-for-sam-altman-to-return-as-ceo\\\/#breadcrumb\",\"itemListElement\":[{\"@type\":\"ListItem\",\"position\":1,\"name\":\"Home\",\"item\":\"https:\\\/\\\/dailyai.com\\\/\"},{\"@type\":\"ListItem\",\"position\":2,\"name\":\"OpenAI form an &#8216;agreement in principle&#8217; for Sam Altman to return as CEO\"}]},{\"@type\":\"WebSite\",\"@id\":\"https:\\\/\\\/dailyai.com\\\/#website\",\"url\":\"https:\\\/\\\/dailyai.com\\\/\",\"name\":\"DailyAI\",\"description\":\"Your Daily Dose of AI News\",\"publisher\":{\"@id\":\"https:\\\/\\\/dailyai.com\\\/#organization\"},\"potentialAction\":[{\"@type\":\"SearchAction\",\"target\":{\"@type\":\"EntryPoint\",\"urlTemplate\":\"https:\\\/\\\/dailyai.com\\\/?s={search_term_string}\"},\"query-input\":{\"@type\":\"PropertyValueSpecification\",\"valueRequired\":true,\"valueName\":\"search_term_string\"}}],\"inLanguage\":\"es\"},{\"@type\":\"Organization\",\"@id\":\"https:\\\/\\\/dailyai.com\\\/#organization\",\"name\":\"DailyAI\",\"url\":\"https:\\\/\\\/dailyai.com\\\/\",\"logo\":{\"@type\":\"ImageObject\",\"inLanguage\":\"es\",\"@id\":\"https:\\\/\\\/dailyai.com\\\/#\\\/schema\\\/logo\\\/image\\\/\",\"url\":\"https:\\\/\\\/dailyai.com\\\/wp-content\\\/uploads\\\/2023\\\/06\\\/Daily-Ai_TL_colour.png\",\"contentUrl\":\"https:\\\/\\\/dailyai.com\\\/wp-content\\\/uploads\\\/2023\\\/06\\\/Daily-Ai_TL_colour.png\",\"width\":4501,\"height\":934,\"caption\":\"DailyAI\"},\"image\":{\"@id\":\"https:\\\/\\\/dailyai.com\\\/#\\\/schema\\\/logo\\\/image\\\/\"},\"sameAs\":[\"https:\\\/\\\/x.com\\\/DailyAIOfficial\",\"https:\\\/\\\/www.linkedin.com\\\/company\\\/dailyaiofficial\\\/\",\"https:\\\/\\\/www.youtube.com\\\/@DailyAIOfficial\"]},{\"@type\":\"Person\",\"@id\":\"https:\\\/\\\/dailyai.com\\\/#\\\/schema\\\/person\\\/711e81f945549438e8bbc579efdeb3c9\",\"name\":\"Sam Jeans\",\"image\":{\"@type\":\"ImageObject\",\"inLanguage\":\"es\",\"@id\":\"https:\\\/\\\/secure.gravatar.com\\\/avatar\\\/a24a4a8f8e2a1a275b7491dc9c9f032c401eabf23c3206da4628dc84b6dac5c8?s=96&d=robohash&r=g\",\"url\":\"https:\\\/\\\/secure.gravatar.com\\\/avatar\\\/a24a4a8f8e2a1a275b7491dc9c9f032c401eabf23c3206da4628dc84b6dac5c8?s=96&d=robohash&r=g\",\"contentUrl\":\"https:\\\/\\\/secure.gravatar.com\\\/avatar\\\/a24a4a8f8e2a1a275b7491dc9c9f032c401eabf23c3206da4628dc84b6dac5c8?s=96&d=robohash&r=g\",\"caption\":\"Sam Jeans\"},\"description\":\"Sam is a science and technology writer who has worked in various AI startups. When he\u2019s not writing, he can be found reading medical journals or digging through boxes of vinyl records.\",\"sameAs\":[\"https:\\\/\\\/www.linkedin.com\\\/in\\\/sam-jeans-6746b9142\\\/\"],\"url\":\"https:\\\/\\\/dailyai.com\\\/es\\\/author\\\/samjeans\\\/\"}]}<\/script>\n<!-- \/ Yoast SEO plugin. -->","yoast_head_json":{"title":"OpenAI forma un \"acuerdo de principio\" para que Sam Altman vuelva como CEO | DailyAI","description":"En lo que quiz\u00e1 sea el giro final del drama de OpenAI, Sam Altman va a ser restituido como consejero delegado de la empresa.","robots":{"index":"index","follow":"follow","max-snippet":"max-snippet:-1","max-image-preview":"max-image-preview:large","max-video-preview":"max-video-preview:-1"},"canonical":"https:\/\/dailyai.com\/es\/2023\/11\/openai-come-to-an-agreement-in-principle-for-sam-altman-to-return-as-ceo\/","og_locale":"es_ES","og_type":"article","og_title":"OpenAI form an 'agreement in principle' for Sam Altman to return as CEO | DailyAI","og_description":"In what is maybe the final twist to the OpenAI drama, Sam Altman is set to be reinstated as the company's CEO.","og_url":"https:\/\/dailyai.com\/es\/2023\/11\/openai-come-to-an-agreement-in-principle-for-sam-altman-to-return-as-ceo\/","og_site_name":"DailyAI","article_published_time":"2023-11-22T10:56:20+00:00","article_modified_time":"2023-11-22T21:31:48+00:00","og_image":[{"width":600,"height":389,"url":"https:\/\/dailyai.com\/wp-content\/uploads\/2023\/05\/shutterstock_2247291331-e1684936073125.jpg","type":"image\/jpeg"}],"author":"Sam Jeans","twitter_card":"summary_large_image","twitter_creator":"@DailyAIOfficial","twitter_site":"@DailyAIOfficial","twitter_misc":{"Escrito por":"Sam Jeans","Tiempo de lectura":"2 minutos"},"schema":{"@context":"https:\/\/schema.org","@graph":[{"@type":"NewsArticle","@id":"https:\/\/dailyai.com\/2023\/11\/openai-come-to-an-agreement-in-principle-for-sam-altman-to-return-as-ceo\/#article","isPartOf":{"@id":"https:\/\/dailyai.com\/2023\/11\/openai-come-to-an-agreement-in-principle-for-sam-altman-to-return-as-ceo\/"},"author":{"name":"Sam Jeans","@id":"https:\/\/dailyai.com\/#\/schema\/person\/711e81f945549438e8bbc579efdeb3c9"},"headline":"OpenAI form an &#8216;agreement in principle&#8217; for Sam Altman to return as CEO","datePublished":"2023-11-22T10:56:20+00:00","dateModified":"2023-11-22T21:31:48+00:00","mainEntityOfPage":{"@id":"https:\/\/dailyai.com\/2023\/11\/openai-come-to-an-agreement-in-principle-for-sam-altman-to-return-as-ceo\/"},"wordCount":409,"publisher":{"@id":"https:\/\/dailyai.com\/#organization"},"image":{"@id":"https:\/\/dailyai.com\/2023\/11\/openai-come-to-an-agreement-in-principle-for-sam-altman-to-return-as-ceo\/#primaryimage"},"thumbnailUrl":"https:\/\/dailyai.com\/wp-content\/uploads\/2023\/05\/shutterstock_2247291331-e1684936073125.jpg","keywords":["OpenAI","Sam Altman"],"articleSection":["Industry"],"inLanguage":"es"},{"@type":"WebPage","@id":"https:\/\/dailyai.com\/2023\/11\/openai-come-to-an-agreement-in-principle-for-sam-altman-to-return-as-ceo\/","url":"https:\/\/dailyai.com\/2023\/11\/openai-come-to-an-agreement-in-principle-for-sam-altman-to-return-as-ceo\/","name":"OpenAI forma un \"acuerdo de principio\" para que Sam Altman vuelva como CEO | DailyAI","isPartOf":{"@id":"https:\/\/dailyai.com\/#website"},"primaryImageOfPage":{"@id":"https:\/\/dailyai.com\/2023\/11\/openai-come-to-an-agreement-in-principle-for-sam-altman-to-return-as-ceo\/#primaryimage"},"image":{"@id":"https:\/\/dailyai.com\/2023\/11\/openai-come-to-an-agreement-in-principle-for-sam-altman-to-return-as-ceo\/#primaryimage"},"thumbnailUrl":"https:\/\/dailyai.com\/wp-content\/uploads\/2023\/05\/shutterstock_2247291331-e1684936073125.jpg","datePublished":"2023-11-22T10:56:20+00:00","dateModified":"2023-11-22T21:31:48+00:00","description":"En lo que quiz\u00e1 sea el giro final del drama de OpenAI, Sam Altman va a ser restituido como consejero delegado de la empresa.","breadcrumb":{"@id":"https:\/\/dailyai.com\/2023\/11\/openai-come-to-an-agreement-in-principle-for-sam-altman-to-return-as-ceo\/#breadcrumb"},"inLanguage":"es","potentialAction":[{"@type":"ReadAction","target":["https:\/\/dailyai.com\/2023\/11\/openai-come-to-an-agreement-in-principle-for-sam-altman-to-return-as-ceo\/"]}]},{"@type":"ImageObject","inLanguage":"es","@id":"https:\/\/dailyai.com\/2023\/11\/openai-come-to-an-agreement-in-principle-for-sam-altman-to-return-as-ceo\/#primaryimage","url":"https:\/\/dailyai.com\/wp-content\/uploads\/2023\/05\/shutterstock_2247291331-e1684936073125.jpg","contentUrl":"https:\/\/dailyai.com\/wp-content\/uploads\/2023\/05\/shutterstock_2247291331-e1684936073125.jpg","width":600,"height":389,"caption":"AI superintelligence"},{"@type":"BreadcrumbList","@id":"https:\/\/dailyai.com\/2023\/11\/openai-come-to-an-agreement-in-principle-for-sam-altman-to-return-as-ceo\/#breadcrumb","itemListElement":[{"@type":"ListItem","position":1,"name":"Home","item":"https:\/\/dailyai.com\/"},{"@type":"ListItem","position":2,"name":"OpenAI form an &#8216;agreement in principle&#8217; for Sam Altman to return as CEO"}]},{"@type":"WebSite","@id":"https:\/\/dailyai.com\/#website","url":"https:\/\/dailyai.com\/","name":"DailyAI","description":"Su dosis diaria de noticias sobre IA","publisher":{"@id":"https:\/\/dailyai.com\/#organization"},"potentialAction":[{"@type":"SearchAction","target":{"@type":"EntryPoint","urlTemplate":"https:\/\/dailyai.com\/?s={search_term_string}"},"query-input":{"@type":"PropertyValueSpecification","valueRequired":true,"valueName":"search_term_string"}}],"inLanguage":"es"},{"@type":"Organization","@id":"https:\/\/dailyai.com\/#organization","name":"DailyAI","url":"https:\/\/dailyai.com\/","logo":{"@type":"ImageObject","inLanguage":"es","@id":"https:\/\/dailyai.com\/#\/schema\/logo\/image\/","url":"https:\/\/dailyai.com\/wp-content\/uploads\/2023\/06\/Daily-Ai_TL_colour.png","contentUrl":"https:\/\/dailyai.com\/wp-content\/uploads\/2023\/06\/Daily-Ai_TL_colour.png","width":4501,"height":934,"caption":"DailyAI"},"image":{"@id":"https:\/\/dailyai.com\/#\/schema\/logo\/image\/"},"sameAs":["https:\/\/x.com\/DailyAIOfficial","https:\/\/www.linkedin.com\/company\/dailyaiofficial\/","https:\/\/www.youtube.com\/@DailyAIOfficial"]},{"@type":"Person","@id":"https:\/\/dailyai.com\/#\/schema\/person\/711e81f945549438e8bbc579efdeb3c9","name":"Sam Jeans","image":{"@type":"ImageObject","inLanguage":"es","@id":"https:\/\/secure.gravatar.com\/avatar\/a24a4a8f8e2a1a275b7491dc9c9f032c401eabf23c3206da4628dc84b6dac5c8?s=96&d=robohash&r=g","url":"https:\/\/secure.gravatar.com\/avatar\/a24a4a8f8e2a1a275b7491dc9c9f032c401eabf23c3206da4628dc84b6dac5c8?s=96&d=robohash&r=g","contentUrl":"https:\/\/secure.gravatar.com\/avatar\/a24a4a8f8e2a1a275b7491dc9c9f032c401eabf23c3206da4628dc84b6dac5c8?s=96&d=robohash&r=g","caption":"Sam Jeans"},"description":"Sam es un escritor de ciencia y tecnolog\u00eda que ha trabajado en varias startups de IA. Cuando no est\u00e1 escribiendo, se le puede encontrar leyendo revistas m\u00e9dicas o rebuscando en cajas de discos de vinilo.","sameAs":["https:\/\/www.linkedin.com\/in\/sam-jeans-6746b9142\/"],"url":"https:\/\/dailyai.com\/es\/author\/samjeans\/"}]}},"_links":{"self":[{"href":"https:\/\/dailyai.com\/es\/wp-json\/wp\/v2\/posts\/7629","targetHints":{"allow":["GET"]}}],"collection":[{"href":"https:\/\/dailyai.com\/es\/wp-json\/wp\/v2\/posts"}],"about":[{"href":"https:\/\/dailyai.com\/es\/wp-json\/wp\/v2\/types\/post"}],"author":[{"embeddable":true,"href":"https:\/\/dailyai.com\/es\/wp-json\/wp\/v2\/users\/2"}],"replies":[{"embeddable":true,"href":"https:\/\/dailyai.com\/es\/wp-json\/wp\/v2\/comments?post=7629"}],"version-history":[{"count":3,"href":"https:\/\/dailyai.com\/es\/wp-json\/wp\/v2\/posts\/7629\/revisions"}],"predecessor-version":[{"id":7652,"href":"https:\/\/dailyai.com\/es\/wp-json\/wp\/v2\/posts\/7629\/revisions\/7652"}],"wp:featuredmedia":[{"embeddable":true,"href":"https:\/\/dailyai.com\/es\/wp-json\/wp\/v2\/media\/861"}],"wp:attachment":[{"href":"https:\/\/dailyai.com\/es\/wp-json\/wp\/v2\/media?parent=7629"}],"wp:term":[{"taxonomy":"category","embeddable":true,"href":"https:\/\/dailyai.com\/es\/wp-json\/wp\/v2\/categories?post=7629"},{"taxonomy":"post_tag","embeddable":true,"href":"https:\/\/dailyai.com\/es\/wp-json\/wp\/v2\/tags?post=7629"}],"curies":[{"name":"wp","href":"https:\/\/api.w.org\/{rel}","templated":true}]}}