{"id":7629,"date":"2023-11-22T10:56:20","date_gmt":"2023-11-22T10:56:20","guid":{"rendered":"https:\/\/dailyai.com\/?p=7629"},"modified":"2023-11-22T21:31:48","modified_gmt":"2023-11-22T21:31:48","slug":"openai-come-to-an-agreement-in-principle-for-sam-altman-to-return-as-ceo","status":"publish","type":"post","link":"https:\/\/dailyai.com\/da\/2023\/11\/openai-come-to-an-agreement-in-principle-for-sam-altman-to-return-as-ceo\/","title":{"rendered":"OpenAI indg\u00e5r en \"principiel aftale\" om, at Sam Altman vender tilbage som CEO"},"content":{"rendered":"<p><b>I det, der m\u00e5ske er det sidste twist i OpenAI-dramaet, vil Sam Altman blive genindsat som virksomhedens CEO.<\/b><\/p>\n<p><span style=\"font-weight: 400;\">Dramaet endte med, at bestyrelsen meddelte, at Altman var blevet afsat med henvisning til manglende \u00e5benhed i hans kommunikation. <\/span><\/p>\n<p><span style=\"font-weight: 400;\">Det f\u00f8rte til en dramatisk uge, hvor Altman og medstifter Greg Brockman <a href=\"https:\/\/dailyai.com\/da\/2023\/11\/over-500-openai-employees-threaten-the-board-with-their-resignation\/\">planl\u00e6gger at slutte sig til Microsoft<\/a>St\u00f8rstedelen af OpenAI's medarbejdere har underskrevet et brev, hvori de siger, at de vil forlade virksomheden, medmindre bestyrelsen tr\u00e6der tilbage, og der tales om, at Altman og Brockman vil etablere en ny virksomhed.\u00a0<\/span><\/p>\n<p><span style=\"font-weight: 400;\">OpenAI har bekr\u00e6ftet en \"principiel aftale\" om at danne et <a href=\"https:\/\/dailyai.com\/da\/2023\/11\/investor-pressure-within-openai-might-trigger-a-dramatic-u-turn\/\">ny bestyrelse best\u00e5ende af<\/a> Bret Taylor (tidligere co-CEO i Salesforce), Larry Summers (tidligere r\u00e5dgiver i Det Hvide Hus og pr\u00e6sident for Harvard University) og Adam D'Angelo (CEO i Quora).<\/span><\/p>\n<p><span style=\"font-weight: 400;\">Den nye bestyrelse erstatter den tidligere, som bestod af Tasha McCauley, Ilya Sutskever og Helen Toner.<\/span><\/p>\n<p><span style=\"font-weight: 400;\">P\u00e5 trods af manglen p\u00e5 specifikke grunde til Altmans oprindelige afskedigelse pr\u00e6ciserede Brad Lightcap, OpenAI's COO, i et memo, at det ikke havde noget at g\u00f8re med finansielle, forretningsm\u00e6ssige, sikkerhedsm\u00e6ssige eller privatlivsrelaterede problemer.<\/span><\/p>\n<blockquote class=\"twitter-tweet\">\n<p dir=\"ltr\" lang=\"en\">OpenAI er intet uden sine medarbejdere <a href=\"https:\/\/t.co\/XYKLQ61e6l\">https:\/\/t.co\/XYKLQ61e6l<\/a><\/p>\n<p>- OpenAI (@OpenAI) <a href=\"https:\/\/twitter.com\/OpenAI\/status\/1727236805182026159?ref_src=twsrc%5Etfw\">22. november 2023<\/a><\/p><\/blockquote>\n<p><script async src=\"https:\/\/platform.twitter.com\/widgets.js\" charset=\"utf-8\"><\/script><\/p>\n<p><span style=\"font-weight: 400;\">Den <\/span><a href=\"https:\/\/www.nytimes.com\/international\/\"><span style=\"font-weight: 400;\">New York Times<\/span><\/a><span style=\"font-weight: 400;\"> rapporterede om l\u00f8bende uoverensstemmelser i bestyrelsen om tempoet i AI-udviklingen og dens sikkerhed, hvor Altman var fortaler for hurtige fremskridt. Dette er prim\u00e6rt spekulationer.\u00a0<\/span><\/p>\n<p><span style=\"font-weight: 400;\">I en udtalelse udtrykte Altman sit engagement i OpenAI og dets partnerskab med Microsoft og s\u00e5 frem til at genoptage sin rolle. Microsofts CEO Satya Nadella hilste \u00e6ndringerne i OpenAI's bestyrelse velkommen, som han betegnede som et positivt skridt i retning af effektiv styring.<\/span><\/p>\n<blockquote class=\"twitter-tweet\">\n<p dir=\"ltr\" lang=\"en\">jeg elsker openai, og alt, hvad jeg har gjort i l\u00f8bet af de sidste par dage, har v\u00e6ret i tjeneste for at holde dette team og dets mission sammen. da jeg besluttede at slutte mig til msft s\u00f8ndag aften, var det klart, at det var den bedste vej for mig og teamet. med den nye bestyrelse og med satyas st\u00f8tte er jeg...<\/p>\n<p>- Sam Altman (@sama) <a href=\"https:\/\/twitter.com\/sama\/status\/1727207458324848883?ref_src=twsrc%5Etfw\">22. november 2023<\/a><\/p><\/blockquote>\n<p><script async src=\"https:\/\/platform.twitter.com\/widgets.js\" charset=\"utf-8\"><\/script><\/p>\n<p><span style=\"font-weight: 400;\">Tiltaget er blevet godt modtaget i OpenAI, hvor ledere som Mira Murati og Greg Brockman har udtrykt deres st\u00f8tte.<\/span><\/p>\n<p><span style=\"font-weight: 400;\"> Men der er stadig sp\u00f8rgsm\u00e5l om virksomhedens ledelsesstruktur, og hvad ville der v\u00e6re sket, hvis virksomheden allerede f\u00f8rte tilsyn med AGI, og situationen var kommet yderligere ud af kontrol?\u00a0<\/span><\/p>\n<p><span style=\"font-weight: 400;\">Dette markerer et vigtigt \u00f8jeblik i tech-historien og fremh\u00e6ver kompleksiteten i styring og ledelse inden for den hurtigt udviklende AI-industri.<\/span><\/p>\n<p><span style=\"font-weight: 400;\"> Det vil helt sikkert blive diskuteret i de kommende m\u00e5neder.\u00a0<\/span><\/p>","protected":false},"excerpt":{"rendered":"<p>I det, der m\u00e5ske er det sidste twist i OpenAI-dramaet, vil Sam Altman blive genindsat som virksomhedens CEO. Dramaet br\u00f8d ud i lys lue, da bestyrelsen meddelte, at Altman var blevet fjernet med henvisning til manglende \u00e5benhed i hans kommunikation. Det f\u00f8rte til en dramatisk uge, hvor Altman og medstifter Greg Brockman planlagde at slutte sig til Microsoft, st\u00f8rstedelen af OpenAI's medarbejdere underskrev et brev, hvor de sagde, at de ville forlade virksomheden, hvis ikke bestyrelsen tr\u00e5dte tilbage, og der blev talt om, at Altman og Brockman ville etablere en ny virksomhed.  OpenAI har bekr\u00e6ftet en \"principiel aftale\" om at danne en ny bestyrelse best\u00e5ende af Bret Taylor (tidligere co-CEO i Salesforce), Larry<\/p>","protected":false},"author":2,"featured_media":861,"comment_status":"closed","ping_status":"open","sticky":false,"template":"","format":"standard","meta":{"footnotes":""},"categories":[84],"tags":[93,136],"class_list":["post-7629","post","type-post","status-publish","format-standard","has-post-thumbnail","hentry","category-industry","tag-openai","tag-sam-altman"],"yoast_head":"<!-- This site is optimized with the Yoast SEO plugin v27.4 - https:\/\/yoast.com\/product\/yoast-seo-wordpress\/ -->\n<title>OpenAI form an &#039;agreement in principle&#039; for Sam Altman to return as CEO | DailyAI<\/title>\n<meta name=\"description\" content=\"In what is maybe the final twist to the OpenAI drama, Sam Altman is set to be reinstated as the company&#039;s CEO.\" \/>\n<meta name=\"robots\" content=\"index, follow, max-snippet:-1, max-image-preview:large, max-video-preview:-1\" \/>\n<link rel=\"canonical\" href=\"https:\/\/dailyai.com\/da\/2023\/11\/openai-come-to-an-agreement-in-principle-for-sam-altman-to-return-as-ceo\/\" \/>\n<meta property=\"og:locale\" content=\"da_DK\" \/>\n<meta property=\"og:type\" content=\"article\" \/>\n<meta property=\"og:title\" content=\"OpenAI form an &#039;agreement in principle&#039; for Sam Altman to return as CEO | DailyAI\" \/>\n<meta property=\"og:description\" content=\"In what is maybe the final twist to the OpenAI drama, Sam Altman is set to be reinstated as the company&#039;s CEO.\" \/>\n<meta property=\"og:url\" content=\"https:\/\/dailyai.com\/da\/2023\/11\/openai-come-to-an-agreement-in-principle-for-sam-altman-to-return-as-ceo\/\" \/>\n<meta property=\"og:site_name\" content=\"DailyAI\" \/>\n<meta property=\"article:published_time\" content=\"2023-11-22T10:56:20+00:00\" \/>\n<meta property=\"article:modified_time\" content=\"2023-11-22T21:31:48+00:00\" \/>\n<meta property=\"og:image\" content=\"https:\/\/dailyai.com\/wp-content\/uploads\/2023\/05\/shutterstock_2247291331-e1684936073125.jpg\" \/>\n\t<meta property=\"og:image:width\" content=\"600\" \/>\n\t<meta property=\"og:image:height\" content=\"389\" \/>\n\t<meta property=\"og:image:type\" content=\"image\/jpeg\" \/>\n<meta name=\"author\" content=\"Sam Jeans\" \/>\n<meta name=\"twitter:card\" content=\"summary_large_image\" \/>\n<meta name=\"twitter:creator\" content=\"@DailyAIOfficial\" \/>\n<meta name=\"twitter:site\" content=\"@DailyAIOfficial\" \/>\n<meta name=\"twitter:label1\" content=\"Skrevet af\" \/>\n\t<meta name=\"twitter:data1\" content=\"Sam Jeans\" \/>\n\t<meta name=\"twitter:label2\" content=\"Estimeret l\u00e6setid\" \/>\n\t<meta name=\"twitter:data2\" content=\"2 minutter\" \/>\n<script type=\"application\/ld+json\" class=\"yoast-schema-graph\">{\"@context\":\"https:\\\/\\\/schema.org\",\"@graph\":[{\"@type\":\"NewsArticle\",\"@id\":\"https:\\\/\\\/dailyai.com\\\/2023\\\/11\\\/openai-come-to-an-agreement-in-principle-for-sam-altman-to-return-as-ceo\\\/#article\",\"isPartOf\":{\"@id\":\"https:\\\/\\\/dailyai.com\\\/2023\\\/11\\\/openai-come-to-an-agreement-in-principle-for-sam-altman-to-return-as-ceo\\\/\"},\"author\":{\"name\":\"Sam Jeans\",\"@id\":\"https:\\\/\\\/dailyai.com\\\/#\\\/schema\\\/person\\\/711e81f945549438e8bbc579efdeb3c9\"},\"headline\":\"OpenAI form an &#8216;agreement in principle&#8217; for Sam Altman to return as CEO\",\"datePublished\":\"2023-11-22T10:56:20+00:00\",\"dateModified\":\"2023-11-22T21:31:48+00:00\",\"mainEntityOfPage\":{\"@id\":\"https:\\\/\\\/dailyai.com\\\/2023\\\/11\\\/openai-come-to-an-agreement-in-principle-for-sam-altman-to-return-as-ceo\\\/\"},\"wordCount\":409,\"publisher\":{\"@id\":\"https:\\\/\\\/dailyai.com\\\/#organization\"},\"image\":{\"@id\":\"https:\\\/\\\/dailyai.com\\\/2023\\\/11\\\/openai-come-to-an-agreement-in-principle-for-sam-altman-to-return-as-ceo\\\/#primaryimage\"},\"thumbnailUrl\":\"https:\\\/\\\/dailyai.com\\\/wp-content\\\/uploads\\\/2023\\\/05\\\/shutterstock_2247291331-e1684936073125.jpg\",\"keywords\":[\"OpenAI\",\"Sam Altman\"],\"articleSection\":[\"Industry\"],\"inLanguage\":\"da-DK\"},{\"@type\":\"WebPage\",\"@id\":\"https:\\\/\\\/dailyai.com\\\/2023\\\/11\\\/openai-come-to-an-agreement-in-principle-for-sam-altman-to-return-as-ceo\\\/\",\"url\":\"https:\\\/\\\/dailyai.com\\\/2023\\\/11\\\/openai-come-to-an-agreement-in-principle-for-sam-altman-to-return-as-ceo\\\/\",\"name\":\"OpenAI form an 'agreement in principle' for Sam Altman to return as CEO | DailyAI\",\"isPartOf\":{\"@id\":\"https:\\\/\\\/dailyai.com\\\/#website\"},\"primaryImageOfPage\":{\"@id\":\"https:\\\/\\\/dailyai.com\\\/2023\\\/11\\\/openai-come-to-an-agreement-in-principle-for-sam-altman-to-return-as-ceo\\\/#primaryimage\"},\"image\":{\"@id\":\"https:\\\/\\\/dailyai.com\\\/2023\\\/11\\\/openai-come-to-an-agreement-in-principle-for-sam-altman-to-return-as-ceo\\\/#primaryimage\"},\"thumbnailUrl\":\"https:\\\/\\\/dailyai.com\\\/wp-content\\\/uploads\\\/2023\\\/05\\\/shutterstock_2247291331-e1684936073125.jpg\",\"datePublished\":\"2023-11-22T10:56:20+00:00\",\"dateModified\":\"2023-11-22T21:31:48+00:00\",\"description\":\"In what is maybe the final twist to the OpenAI drama, Sam Altman is set to be reinstated as the company's CEO.\",\"breadcrumb\":{\"@id\":\"https:\\\/\\\/dailyai.com\\\/2023\\\/11\\\/openai-come-to-an-agreement-in-principle-for-sam-altman-to-return-as-ceo\\\/#breadcrumb\"},\"inLanguage\":\"da-DK\",\"potentialAction\":[{\"@type\":\"ReadAction\",\"target\":[\"https:\\\/\\\/dailyai.com\\\/2023\\\/11\\\/openai-come-to-an-agreement-in-principle-for-sam-altman-to-return-as-ceo\\\/\"]}]},{\"@type\":\"ImageObject\",\"inLanguage\":\"da-DK\",\"@id\":\"https:\\\/\\\/dailyai.com\\\/2023\\\/11\\\/openai-come-to-an-agreement-in-principle-for-sam-altman-to-return-as-ceo\\\/#primaryimage\",\"url\":\"https:\\\/\\\/dailyai.com\\\/wp-content\\\/uploads\\\/2023\\\/05\\\/shutterstock_2247291331-e1684936073125.jpg\",\"contentUrl\":\"https:\\\/\\\/dailyai.com\\\/wp-content\\\/uploads\\\/2023\\\/05\\\/shutterstock_2247291331-e1684936073125.jpg\",\"width\":600,\"height\":389,\"caption\":\"AI superintelligence\"},{\"@type\":\"BreadcrumbList\",\"@id\":\"https:\\\/\\\/dailyai.com\\\/2023\\\/11\\\/openai-come-to-an-agreement-in-principle-for-sam-altman-to-return-as-ceo\\\/#breadcrumb\",\"itemListElement\":[{\"@type\":\"ListItem\",\"position\":1,\"name\":\"Home\",\"item\":\"https:\\\/\\\/dailyai.com\\\/\"},{\"@type\":\"ListItem\",\"position\":2,\"name\":\"OpenAI form an &#8216;agreement in principle&#8217; for Sam Altman to return as CEO\"}]},{\"@type\":\"WebSite\",\"@id\":\"https:\\\/\\\/dailyai.com\\\/#website\",\"url\":\"https:\\\/\\\/dailyai.com\\\/\",\"name\":\"DailyAI\",\"description\":\"Your Daily Dose of AI News\",\"publisher\":{\"@id\":\"https:\\\/\\\/dailyai.com\\\/#organization\"},\"potentialAction\":[{\"@type\":\"SearchAction\",\"target\":{\"@type\":\"EntryPoint\",\"urlTemplate\":\"https:\\\/\\\/dailyai.com\\\/?s={search_term_string}\"},\"query-input\":{\"@type\":\"PropertyValueSpecification\",\"valueRequired\":true,\"valueName\":\"search_term_string\"}}],\"inLanguage\":\"da-DK\"},{\"@type\":\"Organization\",\"@id\":\"https:\\\/\\\/dailyai.com\\\/#organization\",\"name\":\"DailyAI\",\"url\":\"https:\\\/\\\/dailyai.com\\\/\",\"logo\":{\"@type\":\"ImageObject\",\"inLanguage\":\"da-DK\",\"@id\":\"https:\\\/\\\/dailyai.com\\\/#\\\/schema\\\/logo\\\/image\\\/\",\"url\":\"https:\\\/\\\/dailyai.com\\\/wp-content\\\/uploads\\\/2023\\\/06\\\/Daily-Ai_TL_colour.png\",\"contentUrl\":\"https:\\\/\\\/dailyai.com\\\/wp-content\\\/uploads\\\/2023\\\/06\\\/Daily-Ai_TL_colour.png\",\"width\":4501,\"height\":934,\"caption\":\"DailyAI\"},\"image\":{\"@id\":\"https:\\\/\\\/dailyai.com\\\/#\\\/schema\\\/logo\\\/image\\\/\"},\"sameAs\":[\"https:\\\/\\\/x.com\\\/DailyAIOfficial\",\"https:\\\/\\\/www.linkedin.com\\\/company\\\/dailyaiofficial\\\/\",\"https:\\\/\\\/www.youtube.com\\\/@DailyAIOfficial\"]},{\"@type\":\"Person\",\"@id\":\"https:\\\/\\\/dailyai.com\\\/#\\\/schema\\\/person\\\/711e81f945549438e8bbc579efdeb3c9\",\"name\":\"Sam Jeans\",\"image\":{\"@type\":\"ImageObject\",\"inLanguage\":\"da-DK\",\"@id\":\"https:\\\/\\\/secure.gravatar.com\\\/avatar\\\/a24a4a8f8e2a1a275b7491dc9c9f032c401eabf23c3206da4628dc84b6dac5c8?s=96&d=robohash&r=g\",\"url\":\"https:\\\/\\\/secure.gravatar.com\\\/avatar\\\/a24a4a8f8e2a1a275b7491dc9c9f032c401eabf23c3206da4628dc84b6dac5c8?s=96&d=robohash&r=g\",\"contentUrl\":\"https:\\\/\\\/secure.gravatar.com\\\/avatar\\\/a24a4a8f8e2a1a275b7491dc9c9f032c401eabf23c3206da4628dc84b6dac5c8?s=96&d=robohash&r=g\",\"caption\":\"Sam Jeans\"},\"description\":\"Sam is a science and technology writer who has worked in various AI startups. When he\u2019s not writing, he can be found reading medical journals or digging through boxes of vinyl records.\",\"sameAs\":[\"https:\\\/\\\/www.linkedin.com\\\/in\\\/sam-jeans-6746b9142\\\/\"],\"url\":\"https:\\\/\\\/dailyai.com\\\/da\\\/author\\\/samjeans\\\/\"}]}<\/script>\n<!-- \/ Yoast SEO plugin. -->","yoast_head_json":{"title":"OpenAI indg\u00e5r en \"principiel aftale\" om, at Sam Altman vender tilbage som CEO | DailyAI","description":"I det, der m\u00e5ske er det sidste twist i OpenAI-dramaet, vil Sam Altman blive genindsat som virksomhedens CEO.","robots":{"index":"index","follow":"follow","max-snippet":"max-snippet:-1","max-image-preview":"max-image-preview:large","max-video-preview":"max-video-preview:-1"},"canonical":"https:\/\/dailyai.com\/da\/2023\/11\/openai-come-to-an-agreement-in-principle-for-sam-altman-to-return-as-ceo\/","og_locale":"da_DK","og_type":"article","og_title":"OpenAI form an 'agreement in principle' for Sam Altman to return as CEO | DailyAI","og_description":"In what is maybe the final twist to the OpenAI drama, Sam Altman is set to be reinstated as the company's CEO.","og_url":"https:\/\/dailyai.com\/da\/2023\/11\/openai-come-to-an-agreement-in-principle-for-sam-altman-to-return-as-ceo\/","og_site_name":"DailyAI","article_published_time":"2023-11-22T10:56:20+00:00","article_modified_time":"2023-11-22T21:31:48+00:00","og_image":[{"width":600,"height":389,"url":"https:\/\/dailyai.com\/wp-content\/uploads\/2023\/05\/shutterstock_2247291331-e1684936073125.jpg","type":"image\/jpeg"}],"author":"Sam Jeans","twitter_card":"summary_large_image","twitter_creator":"@DailyAIOfficial","twitter_site":"@DailyAIOfficial","twitter_misc":{"Skrevet af":"Sam Jeans","Estimeret l\u00e6setid":"2 minutter"},"schema":{"@context":"https:\/\/schema.org","@graph":[{"@type":"NewsArticle","@id":"https:\/\/dailyai.com\/2023\/11\/openai-come-to-an-agreement-in-principle-for-sam-altman-to-return-as-ceo\/#article","isPartOf":{"@id":"https:\/\/dailyai.com\/2023\/11\/openai-come-to-an-agreement-in-principle-for-sam-altman-to-return-as-ceo\/"},"author":{"name":"Sam Jeans","@id":"https:\/\/dailyai.com\/#\/schema\/person\/711e81f945549438e8bbc579efdeb3c9"},"headline":"OpenAI form an &#8216;agreement in principle&#8217; for Sam Altman to return as CEO","datePublished":"2023-11-22T10:56:20+00:00","dateModified":"2023-11-22T21:31:48+00:00","mainEntityOfPage":{"@id":"https:\/\/dailyai.com\/2023\/11\/openai-come-to-an-agreement-in-principle-for-sam-altman-to-return-as-ceo\/"},"wordCount":409,"publisher":{"@id":"https:\/\/dailyai.com\/#organization"},"image":{"@id":"https:\/\/dailyai.com\/2023\/11\/openai-come-to-an-agreement-in-principle-for-sam-altman-to-return-as-ceo\/#primaryimage"},"thumbnailUrl":"https:\/\/dailyai.com\/wp-content\/uploads\/2023\/05\/shutterstock_2247291331-e1684936073125.jpg","keywords":["OpenAI","Sam Altman"],"articleSection":["Industry"],"inLanguage":"da-DK"},{"@type":"WebPage","@id":"https:\/\/dailyai.com\/2023\/11\/openai-come-to-an-agreement-in-principle-for-sam-altman-to-return-as-ceo\/","url":"https:\/\/dailyai.com\/2023\/11\/openai-come-to-an-agreement-in-principle-for-sam-altman-to-return-as-ceo\/","name":"OpenAI indg\u00e5r en \"principiel aftale\" om, at Sam Altman vender tilbage som CEO | DailyAI","isPartOf":{"@id":"https:\/\/dailyai.com\/#website"},"primaryImageOfPage":{"@id":"https:\/\/dailyai.com\/2023\/11\/openai-come-to-an-agreement-in-principle-for-sam-altman-to-return-as-ceo\/#primaryimage"},"image":{"@id":"https:\/\/dailyai.com\/2023\/11\/openai-come-to-an-agreement-in-principle-for-sam-altman-to-return-as-ceo\/#primaryimage"},"thumbnailUrl":"https:\/\/dailyai.com\/wp-content\/uploads\/2023\/05\/shutterstock_2247291331-e1684936073125.jpg","datePublished":"2023-11-22T10:56:20+00:00","dateModified":"2023-11-22T21:31:48+00:00","description":"I det, der m\u00e5ske er det sidste twist i OpenAI-dramaet, vil Sam Altman blive genindsat som virksomhedens CEO.","breadcrumb":{"@id":"https:\/\/dailyai.com\/2023\/11\/openai-come-to-an-agreement-in-principle-for-sam-altman-to-return-as-ceo\/#breadcrumb"},"inLanguage":"da-DK","potentialAction":[{"@type":"ReadAction","target":["https:\/\/dailyai.com\/2023\/11\/openai-come-to-an-agreement-in-principle-for-sam-altman-to-return-as-ceo\/"]}]},{"@type":"ImageObject","inLanguage":"da-DK","@id":"https:\/\/dailyai.com\/2023\/11\/openai-come-to-an-agreement-in-principle-for-sam-altman-to-return-as-ceo\/#primaryimage","url":"https:\/\/dailyai.com\/wp-content\/uploads\/2023\/05\/shutterstock_2247291331-e1684936073125.jpg","contentUrl":"https:\/\/dailyai.com\/wp-content\/uploads\/2023\/05\/shutterstock_2247291331-e1684936073125.jpg","width":600,"height":389,"caption":"AI superintelligence"},{"@type":"BreadcrumbList","@id":"https:\/\/dailyai.com\/2023\/11\/openai-come-to-an-agreement-in-principle-for-sam-altman-to-return-as-ceo\/#breadcrumb","itemListElement":[{"@type":"ListItem","position":1,"name":"Home","item":"https:\/\/dailyai.com\/"},{"@type":"ListItem","position":2,"name":"OpenAI form an &#8216;agreement in principle&#8217; for Sam Altman to return as CEO"}]},{"@type":"WebSite","@id":"https:\/\/dailyai.com\/#website","url":"https:\/\/dailyai.com\/","name":"DailyAI","description":"Din daglige dosis af AI-nyheder","publisher":{"@id":"https:\/\/dailyai.com\/#organization"},"potentialAction":[{"@type":"SearchAction","target":{"@type":"EntryPoint","urlTemplate":"https:\/\/dailyai.com\/?s={search_term_string}"},"query-input":{"@type":"PropertyValueSpecification","valueRequired":true,"valueName":"search_term_string"}}],"inLanguage":"da-DK"},{"@type":"Organization","@id":"https:\/\/dailyai.com\/#organization","name":"DailyAI","url":"https:\/\/dailyai.com\/","logo":{"@type":"ImageObject","inLanguage":"da-DK","@id":"https:\/\/dailyai.com\/#\/schema\/logo\/image\/","url":"https:\/\/dailyai.com\/wp-content\/uploads\/2023\/06\/Daily-Ai_TL_colour.png","contentUrl":"https:\/\/dailyai.com\/wp-content\/uploads\/2023\/06\/Daily-Ai_TL_colour.png","width":4501,"height":934,"caption":"DailyAI"},"image":{"@id":"https:\/\/dailyai.com\/#\/schema\/logo\/image\/"},"sameAs":["https:\/\/x.com\/DailyAIOfficial","https:\/\/www.linkedin.com\/company\/dailyaiofficial\/","https:\/\/www.youtube.com\/@DailyAIOfficial"]},{"@type":"Person","@id":"https:\/\/dailyai.com\/#\/schema\/person\/711e81f945549438e8bbc579efdeb3c9","name":"Sam Jeans","image":{"@type":"ImageObject","inLanguage":"da-DK","@id":"https:\/\/secure.gravatar.com\/avatar\/a24a4a8f8e2a1a275b7491dc9c9f032c401eabf23c3206da4628dc84b6dac5c8?s=96&d=robohash&r=g","url":"https:\/\/secure.gravatar.com\/avatar\/a24a4a8f8e2a1a275b7491dc9c9f032c401eabf23c3206da4628dc84b6dac5c8?s=96&d=robohash&r=g","contentUrl":"https:\/\/secure.gravatar.com\/avatar\/a24a4a8f8e2a1a275b7491dc9c9f032c401eabf23c3206da4628dc84b6dac5c8?s=96&d=robohash&r=g","caption":"Sam Jeans"},"description":"Sam er videnskabs- og teknologiforfatter og har arbejdet i forskellige AI-startups. N\u00e5r han ikke skriver, kan han finde p\u00e5 at l\u00e6se medicinske tidsskrifter eller grave i kasser med vinylplader.","sameAs":["https:\/\/www.linkedin.com\/in\/sam-jeans-6746b9142\/"],"url":"https:\/\/dailyai.com\/da\/author\/samjeans\/"}]}},"_links":{"self":[{"href":"https:\/\/dailyai.com\/da\/wp-json\/wp\/v2\/posts\/7629","targetHints":{"allow":["GET"]}}],"collection":[{"href":"https:\/\/dailyai.com\/da\/wp-json\/wp\/v2\/posts"}],"about":[{"href":"https:\/\/dailyai.com\/da\/wp-json\/wp\/v2\/types\/post"}],"author":[{"embeddable":true,"href":"https:\/\/dailyai.com\/da\/wp-json\/wp\/v2\/users\/2"}],"replies":[{"embeddable":true,"href":"https:\/\/dailyai.com\/da\/wp-json\/wp\/v2\/comments?post=7629"}],"version-history":[{"count":3,"href":"https:\/\/dailyai.com\/da\/wp-json\/wp\/v2\/posts\/7629\/revisions"}],"predecessor-version":[{"id":7652,"href":"https:\/\/dailyai.com\/da\/wp-json\/wp\/v2\/posts\/7629\/revisions\/7652"}],"wp:featuredmedia":[{"embeddable":true,"href":"https:\/\/dailyai.com\/da\/wp-json\/wp\/v2\/media\/861"}],"wp:attachment":[{"href":"https:\/\/dailyai.com\/da\/wp-json\/wp\/v2\/media?parent=7629"}],"wp:term":[{"taxonomy":"category","embeddable":true,"href":"https:\/\/dailyai.com\/da\/wp-json\/wp\/v2\/categories?post=7629"},{"taxonomy":"post_tag","embeddable":true,"href":"https:\/\/dailyai.com\/da\/wp-json\/wp\/v2\/tags?post=7629"}],"curies":[{"name":"wp","href":"https:\/\/api.w.org\/{rel}","templated":true}]}}